{"id":9876,"date":"2024-10-23T23:47:43","date_gmt":"2024-10-23T21:47:43","guid":{"rendered":"https:\/\/samantharadionline.com\/?p=9876"},"modified":"2024-10-23T23:47:44","modified_gmt":"2024-10-23T21:47:44","slug":"entre-lo-justo-y-lo-energico","status":"publish","type":"post","link":"https:\/\/samantharadionline.com\/index.php\/2024\/10\/23\/entre-lo-justo-y-lo-energico\/","title":{"rendered":"Entre lo justo y lo en\u00e9rgico"},"content":{"rendered":"\n<figure class=\"wp-block-image\"><img decoding=\"async\" src=\"https:\/\/lh3.googleusercontent.com\/a-\/ALV-UjVoLJ4nP4KsKtrXrtE3GQ7evFMq5XrmYsl4x2Ry2iIwpGa64-U=s40-p\" alt=\"\"\/><\/figure>\n\n\n\n<figure class=\"wp-block-table\"><table class=\"has-fixed-layout\"><tbody><tr><td><strong>Nelson Encarnaci\u00f3n, Nelsonencar10@gmail.com\u00a0\u00a0<\/strong><\/td><\/tr><\/tbody><\/table><\/figure>\n\n\n\n<p>Uno de los pensamientos legados por Juan Pablo Duarte, fundador de nuestra nacionalidad, empieza con estas palabras: \u201cEl Gobierno debe ser justo y en\u00e9rgico\u2026\u201d, lo que de antemano infiere lo contrario de la arbitrariedad, y, por consiguiente, negativo frente al autoritarismo.<\/p>\n\n\n\n<p>Quiero montarme en esa corta expresi\u00f3n duartiana para referirme a la decisi\u00f3n del presidente Luis Abinader de retirar el proyecto de reforma fiscal, a pesar de estar m\u00e1s que nadie consciente de la necesidad de su aprobaci\u00f3n.<\/p>\n\n\n\n<p>\u00bfLe falt\u00f3 energ\u00eda al jefe del Estado para sostener la reforma? Creo que no. Lo que estoy seguro es que le sobr\u00f3 lo justo que aconsej\u00f3 el caudillo de nuestro nacimiento como pa\u00eds soberano.<\/p>\n\n\n\n<p>Para desistir de la reforma hay que pasarse de desprendido, sobre todo cuando se dispone de una mayor\u00eda tan significativa en las C\u00e1maras Legislativas, suficiente para aprobar cualquier iniciativa sin contar con las dem\u00e1s fuerzas. Pero esto negar\u00eda lo justo para afincar lo autoritario.<\/p>\n\n\n\n<p>Ahora bien, el l\u00edder de la naci\u00f3n tiene que asumir riesgos cuando emprende pol\u00edticas cruciales que no siempre ser\u00e1n del agrado generalizado, como en este caso concreto, porque la reforma no es un capricho de Luis, sino una necesidad.<\/p>\n\n\n\n<p>A mi entender\u2014absolutamente simplista\u2014el riesgo de hacer la reforma es mucho menor que no hacerla, tom\u00e1ndose en consideraci\u00f3n que la acumulaci\u00f3n de d\u00e9ficit fiscal y el consiguiente crecimiento del endeudamiento p\u00fablico, conspiran contra la estabilidad de la econom\u00eda y crean una dependencia insostenible a mediano plazo.<\/p>\n\n\n\n<p>Los n\u00fameros hablan claro. En la medida crece la deuda y se necesita destinar m\u00e1s recursos para amortizarla, del mismo modo cae la capacidad del Gobierno para hacer inversiones en \u00e1reas de alt\u00edsimo impacto, como mejoramiento del transporte p\u00fablico, nuevas carreteras, hospitales, m\u00e1s escuelas, obras de riego, entre otras infraestructuras.<\/p>\n\n\n\n<p>Cuando se eval\u00fae en el futuro la administraci\u00f3n de Luis Abinader, los sensatos recordar\u00e1n a un presidente abierto a las sugerencias y atendi\u00f3 las sugerencias razonadas que pusieron\u2014como en este caso reparos a la reforma, pero, al mismo tiempo, que se dej\u00f3 influir por el bullicio que nada positivo aporta.<\/p>\n\n\n\n<p>Al final, si no tiene para mostrar una amplia cartera de realizaciones materiales, poco le juzgar\u00e1n su vocaci\u00f3n a escuchar, mientras la mayor\u00eda le enrostrar\u00e1 no disponer una obra visible. Y esto \u00faltimo s\u00f3lo se plasma con dinero.<\/p>\n\n\n\n<p>Otro elemento a tomar en cuenta es aun cuando el mandatario quisiera insistir con la reforma\u2014ya dijo que no, lo que es un error\u2014para buscar \u201cconsenso\u201d, \u00e9l sabe tambi\u00e9n mejor que cualquiera que se tratar\u00eda de una misi\u00f3n casi imposible, pues los factores en contra est\u00e1n determinados a que no se apruebe ninguna reforma.<\/p>\n\n\n\n<p>Los sectores empresariales lo hacen desde su posici\u00f3n de intereses econ\u00f3micos y su vocaci\u00f3n rentista, mientras los pol\u00edticos tienen suficiente en juego de cara a futuras contiendas electorales.<\/p>\n\n\n\n<p>En medio de un ambiente con semejante nivel de contaminaci\u00f3n, el gobernante no puede aspirar a consensuar nada.<\/p>\n","protected":false},"excerpt":{"rendered":"<p>Nelson Encarnaci\u00f3n, Nelsonencar10@gmail.com\u00a0\u00a0 Uno de los pensamientos legados por Juan Pablo Duarte, fundador de nuestra<\/p>\n","protected":false},"author":1,"featured_media":9877,"comment_status":"open","ping_status":"open","sticky":false,"template":"","format":"standard","meta":{"footnotes":""},"categories":[13],"tags":[],"class_list":["post-9876","post","type-post","status-publish","format-standard","has-post-thumbnail","hentry","category-opinion"],"_links":{"self":[{"href":"https:\/\/samantharadionline.com\/index.php\/wp-json\/wp\/v2\/posts\/9876","targetHints":{"allow":["GET"]}}],"collection":[{"href":"https:\/\/samantharadionline.com\/index.php\/wp-json\/wp\/v2\/posts"}],"about":[{"href":"https:\/\/samantharadionline.com\/index.php\/wp-json\/wp\/v2\/types\/post"}],"author":[{"embeddable":true,"href":"https:\/\/samantharadionline.com\/index.php\/wp-json\/wp\/v2\/users\/1"}],"replies":[{"embeddable":true,"href":"https:\/\/samantharadionline.com\/index.php\/wp-json\/wp\/v2\/comments?post=9876"}],"version-history":[{"count":1,"href":"https:\/\/samantharadionline.com\/index.php\/wp-json\/wp\/v2\/posts\/9876\/revisions"}],"predecessor-version":[{"id":9878,"href":"https:\/\/samantharadionline.com\/index.php\/wp-json\/wp\/v2\/posts\/9876\/revisions\/9878"}],"wp:featuredmedia":[{"embeddable":true,"href":"https:\/\/samantharadionline.com\/index.php\/wp-json\/wp\/v2\/media\/9877"}],"wp:attachment":[{"href":"https:\/\/samantharadionline.com\/index.php\/wp-json\/wp\/v2\/media?parent=9876"}],"wp:term":[{"taxonomy":"category","embeddable":true,"href":"https:\/\/samantharadionline.com\/index.php\/wp-json\/wp\/v2\/categories?post=9876"},{"taxonomy":"post_tag","embeddable":true,"href":"https:\/\/samantharadionline.com\/index.php\/wp-json\/wp\/v2\/tags?post=9876"}],"curies":[{"name":"wp","href":"https:\/\/api.w.org\/{rel}","templated":true}]}}