{"id":9873,"date":"2024-10-23T23:38:46","date_gmt":"2024-10-23T21:38:46","guid":{"rendered":"https:\/\/samantharadionline.com\/?p=9873"},"modified":"2024-10-23T23:38:47","modified_gmt":"2024-10-23T21:38:47","slug":"carlos-pimentel-designado-director-de-alianzas-publico-privadas-en-compras-y-contrataciones-de-manera-honorifica","status":"publish","type":"post","link":"https:\/\/samantharadionline.com\/index.php\/2024\/10\/23\/carlos-pimentel-designado-director-de-alianzas-publico-privadas-en-compras-y-contrataciones-de-manera-honorifica\/","title":{"rendered":"Carlos Pimentel designado director de Alianzas P\u00fablico-Privadas en Compras y Contrataciones de manera honor\u00edfica"},"content":{"rendered":"\n<p class=\"has-medium-font-size\"><em>\u201cEl objetivo de esta nueva medida es seguir eficientizando y fortaleciendo la transparencia en los procesos de contrataci\u00f3n bajo el modelo de alianzas p\u00fablico-privadas\u201d, le\u00eda parte de un comunicado<\/em><\/p>\n\n\n\n<p>El presidente Luis Abinader design\u00f3 a Carlos Pimentel como nuevo director ejecutivo de la Direcci\u00f3n General de Alianzas P\u00fablico-Privadas mediante el Decreto no. 614-24.<\/p>\n\n\n\n<p>Estas nuevas funciones se suman a las que ya ejerce al frente de la Direcci\u00f3n General de Contrataciones P\u00fablicas, cargo que de ahora en adelante desempe\u00f1ar\u00e1 de manera honor\u00edfica.<\/p>\n\n\n\n<p>\u201cEl objetivo de esta nueva medida es seguir eficientizando y fortaleciendo la transparencia en los procesos de contrataci\u00f3n bajo el modelo de alianzas p\u00fablico-privadas\u201d, le\u00eda parte de un comunicado de Presidencia.<\/p>\n\n\n\n<p>Para cumplir estas metas, en el art\u00edculo 2 del mismo decreto se establece la presentaci\u00f3n, ante el Poder Ejecutivo y en un plazo de 12 meses, de una propuesta detallada para la readecuaci\u00f3n estructural y normativa de la Direcci\u00f3n General de Contrataciones P\u00fablicas (DGCP) y de la Direcci\u00f3n General de Alianzas P\u00fablico-Privadas (DGAPP).<\/p>\n\n\n\n<p>Esta propuesta tendr\u00e1 como finalidad la optimizaci\u00f3n de los procesos operativos y regulatorios, alineando ambas instituciones bajo los objetivos estrat\u00e9gicos del Estado dominicano, a fin de garantizar la eficacia, transparencia y coherencia en la implementaci\u00f3n de las contrataciones p\u00fablicas y las alianzas p\u00fablico-privadas.<\/p>\n","protected":false},"excerpt":{"rendered":"<p>\u201cEl objetivo de esta nueva medida es seguir eficientizando y fortaleciendo la transparencia en los<\/p>\n","protected":false},"author":1,"featured_media":9874,"comment_status":"open","ping_status":"open","sticky":false,"template":"","format":"standard","meta":{"footnotes":""},"categories":[10],"tags":[],"class_list":["post-9873","post","type-post","status-publish","format-standard","has-post-thumbnail","hentry","category-economica"],"_links":{"self":[{"href":"https:\/\/samantharadionline.com\/index.php\/wp-json\/wp\/v2\/posts\/9873","targetHints":{"allow":["GET"]}}],"collection":[{"href":"https:\/\/samantharadionline.com\/index.php\/wp-json\/wp\/v2\/posts"}],"about":[{"href":"https:\/\/samantharadionline.com\/index.php\/wp-json\/wp\/v2\/types\/post"}],"author":[{"embeddable":true,"href":"https:\/\/samantharadionline.com\/index.php\/wp-json\/wp\/v2\/users\/1"}],"replies":[{"embeddable":true,"href":"https:\/\/samantharadionline.com\/index.php\/wp-json\/wp\/v2\/comments?post=9873"}],"version-history":[{"count":1,"href":"https:\/\/samantharadionline.com\/index.php\/wp-json\/wp\/v2\/posts\/9873\/revisions"}],"predecessor-version":[{"id":9875,"href":"https:\/\/samantharadionline.com\/index.php\/wp-json\/wp\/v2\/posts\/9873\/revisions\/9875"}],"wp:featuredmedia":[{"embeddable":true,"href":"https:\/\/samantharadionline.com\/index.php\/wp-json\/wp\/v2\/media\/9874"}],"wp:attachment":[{"href":"https:\/\/samantharadionline.com\/index.php\/wp-json\/wp\/v2\/media?parent=9873"}],"wp:term":[{"taxonomy":"category","embeddable":true,"href":"https:\/\/samantharadionline.com\/index.php\/wp-json\/wp\/v2\/categories?post=9873"},{"taxonomy":"post_tag","embeddable":true,"href":"https:\/\/samantharadionline.com\/index.php\/wp-json\/wp\/v2\/tags?post=9873"}],"curies":[{"name":"wp","href":"https:\/\/api.w.org\/{rel}","templated":true}]}}