{"id":955,"date":"2024-02-09T04:44:02","date_gmt":"2024-02-09T03:44:02","guid":{"rendered":"https:\/\/samantharadionline.com\/?p=955"},"modified":"2024-02-09T04:44:03","modified_gmt":"2024-02-09T03:44:03","slug":"alejandro-fernandez-w-destaca-la-solidez-del-sistema-financiero-dominicano","status":"publish","type":"post","link":"https:\/\/samantharadionline.com\/index.php\/2024\/02\/09\/alejandro-fernandez-w-destaca-la-solidez-del-sistema-financiero-dominicano\/","title":{"rendered":"Alejandro Fern\u00e1ndez W. destaca la solidez del sistema financiero dominicano"},"content":{"rendered":"\n<p>\u00abLecciones desde la arena p\u00fablica: un dec\u00e1logo\u00bb fue el t\u00edtulo de la&nbsp;<strong>conferencia<\/strong>&nbsp;dictada este jueves en un hotel de Santiago por el&nbsp;<strong>superintendente<\/strong>&nbsp;de Bancos,&nbsp;<strong>Alejandro Fern\u00e1ndez<\/strong>&nbsp;W., al participar como orador invitado en el primer almuerzo empresarial del 2024 de la C\u00e1mara Americana de Comercio de la Rep\u00fablica Dominicana (<strong>Amchamdr<\/strong>).<\/p>\n\n\n\n<p>Durante su intervenci\u00f3n, Fern\u00e1ndez W. destac\u00f3 que el&nbsp;<strong>sistema financiero<\/strong>&nbsp;dominicano se encuentra en un buen momento, especialmente en lo relativo a la expansi\u00f3n del&nbsp;<strong>cr\u00e9dito<\/strong>.<\/p>\n\n\n\n<p>\u00abEsta\u00a0<strong>cartera<\/strong>\u00a0present\u00f3 un\u00a0<strong>crecimiento<\/strong>\u00a0interanual de 19.72 por ciento, superando el hist\u00f3rico de 13.09 por ciento promediado desde el a\u00f1o 2006&#8243;, resalt\u00f3 el funcionario ante l\u00edderes empresariales.<\/p>\n\n\n\n<p>Asimismo, resalt\u00f3 que el n\u00famero de personas y empresas con&nbsp;<strong>cr\u00e9dito<\/strong>&nbsp;en el&nbsp;<strong>sistema financiero<\/strong>&nbsp;se mantiene al alza, habiendo superado el total registrado previo a la pandemia en ambos grupos.<\/p>\n\n\n\n<p>Con respecto a la\u00a0<strong>morosidad<\/strong>, el\u00a0<strong>superintendente<\/strong>\u00a0Fern\u00e1ndez W. indic\u00f3 que cerr\u00f3 el a\u00f1o en 1.1 %, reflejando una\u00a0<strong>reducci\u00f3n<\/strong>\u00a0de m\u00e1s de un punto porcentual con respecto a agosto de 2020.<\/p>\n\n\n\n<h2 class=\"wp-block-heading\">Reflexiones sobre su gesti\u00f3n<\/h2>\n\n\n\n<p>El funcionario comparti\u00f3 una&nbsp;<strong>reflexi\u00f3n<\/strong>&nbsp;sobre los principales&nbsp;<strong>aprendizajes<\/strong>&nbsp;que ha tenido junto con su equipo.<\/p>\n\n\n\n<p>Expres\u00f3 tambi\u00e9n que, como pa\u00eds, la&nbsp;<strong>institucionalidad<\/strong>&nbsp;y la continuidad del Estado son el pasaje hacia el&nbsp;<strong>desarrollo<\/strong>.<\/p>\n\n\n\n<p>Entiende que todos los tomadores de decisiones y&nbsp;<strong>servidores p\u00fablicos<\/strong>, entre los que se inscribe, deben aferrarse a estos valores, de lo contrario no har\u00edan m\u00e1s que desperdiciar su propio trabajo y los recursos que el pa\u00eds les ha confiado.<\/p>\n\n\n\n<p>Cont\u00f3 que cuando fue designado como&nbsp;<strong>superintendente<\/strong>&nbsp;de Bancos se puso en comunicaci\u00f3n con los pasados directores de esa&nbsp;<strong>instituci\u00f3n financiera<\/strong>.<\/p>\n\n\n\n<p>En el marco de la&nbsp;<strong>conferencia<\/strong>, explic\u00f3 a los presentes cu\u00e1l es el&nbsp;<strong>rol<\/strong>&nbsp;de la&nbsp;<strong>Superintendencia<\/strong>&nbsp;en el&nbsp;<strong>sistema financiero<\/strong>.<\/p>\n","protected":false},"excerpt":{"rendered":"<p>\u00abLecciones desde la arena p\u00fablica: un dec\u00e1logo\u00bb fue el t\u00edtulo de la&nbsp;conferencia&nbsp;dictada este jueves en<\/p>\n","protected":false},"author":1,"featured_media":956,"comment_status":"open","ping_status":"open","sticky":false,"template":"","format":"standard","meta":{"footnotes":""},"categories":[10],"tags":[],"class_list":["post-955","post","type-post","status-publish","format-standard","has-post-thumbnail","hentry","category-economica"],"_links":{"self":[{"href":"https:\/\/samantharadionline.com\/index.php\/wp-json\/wp\/v2\/posts\/955","targetHints":{"allow":["GET"]}}],"collection":[{"href":"https:\/\/samantharadionline.com\/index.php\/wp-json\/wp\/v2\/posts"}],"about":[{"href":"https:\/\/samantharadionline.com\/index.php\/wp-json\/wp\/v2\/types\/post"}],"author":[{"embeddable":true,"href":"https:\/\/samantharadionline.com\/index.php\/wp-json\/wp\/v2\/users\/1"}],"replies":[{"embeddable":true,"href":"https:\/\/samantharadionline.com\/index.php\/wp-json\/wp\/v2\/comments?post=955"}],"version-history":[{"count":1,"href":"https:\/\/samantharadionline.com\/index.php\/wp-json\/wp\/v2\/posts\/955\/revisions"}],"predecessor-version":[{"id":957,"href":"https:\/\/samantharadionline.com\/index.php\/wp-json\/wp\/v2\/posts\/955\/revisions\/957"}],"wp:featuredmedia":[{"embeddable":true,"href":"https:\/\/samantharadionline.com\/index.php\/wp-json\/wp\/v2\/media\/956"}],"wp:attachment":[{"href":"https:\/\/samantharadionline.com\/index.php\/wp-json\/wp\/v2\/media?parent=955"}],"wp:term":[{"taxonomy":"category","embeddable":true,"href":"https:\/\/samantharadionline.com\/index.php\/wp-json\/wp\/v2\/categories?post=955"},{"taxonomy":"post_tag","embeddable":true,"href":"https:\/\/samantharadionline.com\/index.php\/wp-json\/wp\/v2\/tags?post=955"}],"curies":[{"name":"wp","href":"https:\/\/api.w.org\/{rel}","templated":true}]}}