{"id":9408,"date":"2024-10-08T13:43:14","date_gmt":"2024-10-08T11:43:14","guid":{"rendered":"https:\/\/samantharadionline.com\/?p=9408"},"modified":"2024-10-08T13:43:15","modified_gmt":"2024-10-08T11:43:15","slug":"no-vamos-a-dar-declaraciones","status":"publish","type":"post","link":"https:\/\/samantharadionline.com\/index.php\/2024\/10\/08\/no-vamos-a-dar-declaraciones\/","title":{"rendered":"\u201cNo vamos a dar declaraciones\u201d"},"content":{"rendered":"\n<p class=\"has-medium-font-size\"><em>El exfuncionario sostuvo no tener conocimiento de si volver\u00e1 a ser citado por el \u00f3rgano acusador.<\/em><\/p>\n\n\n\n<p><img decoding=\"async\" width=\"60px\" height=\"60px\" src=\"https:\/\/listindiario.com\/files\/image_60_60\/uploads\/2023\/06\/15\/648bb0d62900f.jpeg\" alt=\"Avatar del Audry Trinidad\"><em>\u00a0<\/em>Audry Trinidad, <strong>Santo Domingo, RD\u00a0<\/strong><\/p>\n\n\n\n<p>Tras un interrogatorio que se prolong\u00f3 por aproximadamente tres horas, el exministro de Defensa, mayor general&nbsp;<strong>Rub\u00e9n Paulino Sem<\/strong>, sali\u00f3 de la<strong>&nbsp;Procuradur\u00eda General de la Rep\u00fablica (PGR)&nbsp;<\/strong>sin dar detalle alguno sobre su visita.<\/p>\n\n\n\n<p>\u201cPor respeto a las investigaciones, por respeto al&nbsp;<strong>Ministerio P\u00fablico,<\/strong>&nbsp;nosotros no vamos a dar declaraciones\u201d, dijo el alto rango militar en retiro al final del interrogado con fiscales de la Procuradur\u00eda Especializada de Persecuci\u00f3n de la Corrupci\u00f3n Administrativa(Pepca).<\/p>\n\n\n\n<p>El exfuncionario dijo no tener conocimiento sobre si volver\u00e1 a<strong>&nbsp;ser citado por el \u00f3rgano acusador.<\/strong><\/p>\n\n\n\n<p>Mientras tanto, Paulino Sem asegur\u00f3 en nada le preocupan las investigaciones que realiza la Pepca a su gesti\u00f3n en el MIDE.<\/p>\n\n\n\n<figure class=\"wp-block-image\"><img decoding=\"async\" src=\"https:\/\/listindiario.com\/files\/composite_image\/uploads\/2024\/10\/07\/670498cfebd47.jpeg\" alt=\"\u201cNo vamos a dar declaraciones\u201d\"\/><figcaption class=\"wp-element-caption\">\u201cNo vamos a dar declaraciones\u201d<\/figcaption><\/figure>\n\n\n\n<p>\u201cNo, no me preocupan\u201d, declar\u00f3 escuetamente el exministro.<\/p>\n","protected":false},"excerpt":{"rendered":"<p>El exfuncionario sostuvo no tener conocimiento de si volver\u00e1 a ser citado por el \u00f3rgano<\/p>\n","protected":false},"author":1,"featured_media":9409,"comment_status":"open","ping_status":"open","sticky":false,"template":"","format":"standard","meta":{"footnotes":""},"categories":[12],"tags":[],"class_list":["post-9408","post","type-post","status-publish","format-standard","has-post-thumbnail","hentry","category-nacionales"],"_links":{"self":[{"href":"https:\/\/samantharadionline.com\/index.php\/wp-json\/wp\/v2\/posts\/9408","targetHints":{"allow":["GET"]}}],"collection":[{"href":"https:\/\/samantharadionline.com\/index.php\/wp-json\/wp\/v2\/posts"}],"about":[{"href":"https:\/\/samantharadionline.com\/index.php\/wp-json\/wp\/v2\/types\/post"}],"author":[{"embeddable":true,"href":"https:\/\/samantharadionline.com\/index.php\/wp-json\/wp\/v2\/users\/1"}],"replies":[{"embeddable":true,"href":"https:\/\/samantharadionline.com\/index.php\/wp-json\/wp\/v2\/comments?post=9408"}],"version-history":[{"count":1,"href":"https:\/\/samantharadionline.com\/index.php\/wp-json\/wp\/v2\/posts\/9408\/revisions"}],"predecessor-version":[{"id":9410,"href":"https:\/\/samantharadionline.com\/index.php\/wp-json\/wp\/v2\/posts\/9408\/revisions\/9410"}],"wp:featuredmedia":[{"embeddable":true,"href":"https:\/\/samantharadionline.com\/index.php\/wp-json\/wp\/v2\/media\/9409"}],"wp:attachment":[{"href":"https:\/\/samantharadionline.com\/index.php\/wp-json\/wp\/v2\/media?parent=9408"}],"wp:term":[{"taxonomy":"category","embeddable":true,"href":"https:\/\/samantharadionline.com\/index.php\/wp-json\/wp\/v2\/categories?post=9408"},{"taxonomy":"post_tag","embeddable":true,"href":"https:\/\/samantharadionline.com\/index.php\/wp-json\/wp\/v2\/tags?post=9408"}],"curies":[{"name":"wp","href":"https:\/\/api.w.org\/{rel}","templated":true}]}}