{"id":9063,"date":"2024-10-01T14:46:50","date_gmt":"2024-10-01T12:46:50","guid":{"rendered":"https:\/\/samantharadionline.com\/?p=9063"},"modified":"2024-10-01T14:46:51","modified_gmt":"2024-10-01T12:46:51","slug":"conflicto-para-el-sepelio-de-osvaldo-virgil","status":"publish","type":"post","link":"https:\/\/samantharadionline.com\/index.php\/2024\/10\/01\/conflicto-para-el-sepelio-de-osvaldo-virgil\/","title":{"rendered":"Conflicto para el sepelio de Osvaldo Virgil"},"content":{"rendered":"\n<p class=\"has-medium-font-size\"><em>Los hijos estar\u00edan pidiendo una autopsia para saber el motivo del fallecimiento del primer dominicano en Grandes Ligas<\/em><\/p>\n\n\n\n<p><img decoding=\"async\" width=\"60px\" height=\"60px\" src=\"https:\/\/listindiario.com\/files\/image_60_60\/uploads\/2023\/11\/24\/6560daaddb5fe.jpeg\" alt=\"Avatar del Goidy Reyes\"><em>\u00a0<\/em>Goidy Reyes, <strong>Montecristi<\/strong><\/p>\n\n\n\n<p>En medio del velatorio de Osvaldo Virgil en la funeraria municipal de Monte Cristi se registr\u00f3 un incidente entre hijos del fallecido y parientes, quienes se niegan a decisiones que puedan tomar los descendientes del exjugador de Grandes Liga tras alegadamente no haber estado presente durante muchos a\u00f1os en la vida de su padre.<\/p>\n\n\n\n<p>En medio del incidente, que fue grabado, se pudo observar una joven vociferando a los hijos del fallecido, \u201cDa pena y verg\u00fcenza que ese cad\u00e1ver est\u00e1 expuesto ah\u00ed y ustedes en 27 a\u00f1os quieren venir a reclamar cosas, abusadores, abusivos\u201d.<\/p>\n\n\n\n<p>Una vecina del expelotero, identificada como Austria, dijo que los hijos nunca fueron a la casa de su padre, ni en navidad y que nunca vio esas personas en las ocasiones en que visitaba a Osvaldo Virgil.<\/p>\n\n\n\n<p>\u201cY me extra\u00f1a que ahora eso son los hijos, que vienen a una funeraria y en vez de honrar la memoria, vienen hacer un \u201creb\u00fa\u201d, no eso no, eso es un feo espect\u00e1culo y de muy mal gusto\u201d dijo Austria, qui\u00e9n se encontraba en la funeraria.<\/p>\n\n\n\n<p>Una fuente policial dijo a List\u00edn Diario que este martes el cad\u00e1ver de Osvaldo Virgil ser\u00e1 trasladado a Santiago para fines de autopsia.<\/p>\n\n\n\n<p>La llegada de los hijos<\/p>\n\n\n\n<p>Al momento de la llegada de los hijos del expelotero se produjo un altercado con familiares y amigos de Ivelisse Rodr\u00edguez, concubina de Virgil y quien quer\u00eda supuestamente llevarse el cad\u00e1ver a otro punto.<\/p>\n\n\n\n<p>De los seis hijos, todos residentes en Estados Unidos, dos llegaron la tarde de este lunes a la funeraria municipal, incluyendo el m\u00e1s conocido, tambi\u00e9n pelotero Ozzie Virgil Jr., otros v\u00e1stagos son Justina, Linda, Ruth y Marcos, en tanto que no se ha establecido cuando ser\u00eda sepultado, producto del incidente, ya que en principio se ten\u00eda contemplado como \u00faltima morada el cementerio de San Fernando de Montecristi, la tarde de este martes.<\/p>\n\n\n\n<p>Los padres de don Osvaldo Virgil fueron los se\u00f1ores, Henry Virgil e Isabel Pichardo Morel, donde su familia parti\u00f3 en 1945 a los Estados Unidos, ya que su padre era un antitrujillista y tuvieron que abandonar el pa\u00eds para alejarse del r\u00e9gimen dictatorial.<\/p>\n\n\n\n<p>El \u201cOr\u00e9gano\u201d, como era conocido, resid\u00eda en Montecristi, en la carretera Playa Popa, del barrio Francisco Javier donde de acuerdo a Ivelisse Rodr\u00edguez con quien permaneci\u00f3 en uni\u00f3n libre por 25 a\u00f1os.<\/p>\n\n\n\n<p>Juan Henderson, director de operaciones para Am\u00e9rica Latina y el Caribe de los Mets de Nueva York, dijo sentirse honrado de poder haber establecido una amistad por a\u00f1os con esta gloria del deporte dominicano y adem\u00e1s manifest\u00f3 su pesar por la muerte de Virgil, quien dej\u00f3 un legado no solo en Grandes Ligas, sino en Latinoam\u00e9rica, ya que fue mentor de muchos jugadores, coaches y otras personalidades, asegurando que la partida f\u00edsica deja un vac\u00edo en la organizaci\u00f3n de los Mets, as\u00ed como en todo el b\u00e9isbol.<\/p>\n\n\n\n<p>Rafael Castro, presidente de la Federaci\u00f3n Dominicana de B\u00e9isbol (FEDOBE) en Montecristi, quien tambi\u00e9n lament\u00f3 el fallecimiento del inmortal del deporte dominicano, dijo que fue un deportista que siempre represent\u00f3 al pa\u00eds, al cual defini\u00f3 como un gran caballero dentro y fuera del terreno.<\/p>\n\n\n\n<p>Castro anunci\u00f3 que para el pr\u00f3ximo domingo le rendir\u00e1n un homenaje a Osvaldo Virgil en el Centro Ol\u00edmpico durante la inauguraci\u00f3n de un torneo de B\u00e9isbol Nacional U8, y espera que todos los peloteros que militan en todos los escenarios sigan el ejemplo de este insigne pelotero.<\/p>\n\n\n\n<p>Visita peloteros<\/p>\n\n\n\n<p>Al velatorio han asistido diversas personalidades del \u00e1mbito deportivo entre ellas los ex peloteros de Grandes Ligas Nelson Cruz y Starlin Castro, quienes expresaron sus condolencias a la familia.<\/p>\n\n\n\n<p>La alcald\u00eda de San Fernando de Montecristi declar\u00f3 tres d\u00edas de duelo municipal por el fallecimiento de Osvaldo Virgil, la declaratoria fue aprobada a unanimidad por los regidores de los diferentes bloques de partidos que conforman la sala capitular durante una sesi\u00f3n extraordinaria.<\/p>\n\n\n\n<p>Se recuerda que mediante el decreto n\u00famero 562-24, el presidente Luis Abinader declar\u00f3 d\u00eda de duelo oficial el martes uno de octubre del presente a\u00f1o con motivo del fallecimiento del pionero de los peloteros dominicanos en Grandes Ligas.<\/p>\n\n\n\n<p>En consecuencia, y como es de rigor, se instruy\u00f3 al Ministerio de Defensa a que rinda los honores militares a este prominente ciudadano dominicano y se dispuso que la Bandera Nacional deber\u00e1 ondear a media asta el d\u00eda se\u00f1alado en los recintos militares y edificios p\u00fablicos en todo el pa\u00eds.<\/p>\n\n\n\n<p>Osvaldo Jos\u00e9 Virgil Pichardo naci\u00f3 el 17 de mayo de 1932 en Montecristi, Rep\u00fablica Dominicana, iniciando su camino en el deporte profesional con el equipo Leones del Escogido en 1955. Jug\u00f3 tambi\u00e9n con el equipo \u00c1guilas Cibae\u00f1as y gan\u00f3 numerosas distinciones durante su carrera local, que se extendi\u00f3 hasta 1970. Osvaldo Virgil muri\u00f3 este domingo a los 92 a\u00f1os de edad debido a problemas de salud.<\/p>\n","protected":false},"excerpt":{"rendered":"<p>Los hijos estar\u00edan pidiendo una autopsia para saber el motivo del fallecimiento del primer dominicano<\/p>\n","protected":false},"author":1,"featured_media":9064,"comment_status":"open","ping_status":"open","sticky":false,"template":"","format":"standard","meta":{"footnotes":""},"categories":[14],"tags":[],"class_list":["post-9063","post","type-post","status-publish","format-standard","has-post-thumbnail","hentry","category-deportes"],"_links":{"self":[{"href":"https:\/\/samantharadionline.com\/index.php\/wp-json\/wp\/v2\/posts\/9063","targetHints":{"allow":["GET"]}}],"collection":[{"href":"https:\/\/samantharadionline.com\/index.php\/wp-json\/wp\/v2\/posts"}],"about":[{"href":"https:\/\/samantharadionline.com\/index.php\/wp-json\/wp\/v2\/types\/post"}],"author":[{"embeddable":true,"href":"https:\/\/samantharadionline.com\/index.php\/wp-json\/wp\/v2\/users\/1"}],"replies":[{"embeddable":true,"href":"https:\/\/samantharadionline.com\/index.php\/wp-json\/wp\/v2\/comments?post=9063"}],"version-history":[{"count":1,"href":"https:\/\/samantharadionline.com\/index.php\/wp-json\/wp\/v2\/posts\/9063\/revisions"}],"predecessor-version":[{"id":9065,"href":"https:\/\/samantharadionline.com\/index.php\/wp-json\/wp\/v2\/posts\/9063\/revisions\/9065"}],"wp:featuredmedia":[{"embeddable":true,"href":"https:\/\/samantharadionline.com\/index.php\/wp-json\/wp\/v2\/media\/9064"}],"wp:attachment":[{"href":"https:\/\/samantharadionline.com\/index.php\/wp-json\/wp\/v2\/media?parent=9063"}],"wp:term":[{"taxonomy":"category","embeddable":true,"href":"https:\/\/samantharadionline.com\/index.php\/wp-json\/wp\/v2\/categories?post=9063"},{"taxonomy":"post_tag","embeddable":true,"href":"https:\/\/samantharadionline.com\/index.php\/wp-json\/wp\/v2\/tags?post=9063"}],"curies":[{"name":"wp","href":"https:\/\/api.w.org\/{rel}","templated":true}]}}