{"id":8508,"date":"2024-09-18T13:47:00","date_gmt":"2024-09-18T11:47:00","guid":{"rendered":"https:\/\/samantharadionline.com\/?p=8508"},"modified":"2024-09-18T13:47:00","modified_gmt":"2024-09-18T11:47:00","slug":"venezuela-detiene-a-un-cuarto-estadounidense-al-que-vincula-con-un-supuesto-plan-contra-el-gobierno","status":"publish","type":"post","link":"https:\/\/samantharadionline.com\/index.php\/2024\/09\/18\/venezuela-detiene-a-un-cuarto-estadounidense-al-que-vincula-con-un-supuesto-plan-contra-el-gobierno\/","title":{"rendered":"Venezuela detiene a un cuarto estadounidense al que vincula con un supuesto plan contra el gobierno"},"content":{"rendered":"\n<p class=\"has-medium-font-size\"><em>El cuarto estadounidense detenido el martes no fue identificado por el ministro<\/em><\/p>\n\n\n\n<p>CARACAS (AP)<\/p>\n\n\n\n<p>El gobierno venezolano anunci\u00f3 el martes que detuvo a otro ciudadano estadounidense vinculado a un supuesto plan para desestabilizar el pa\u00eds, tras las detenciones de seis extranjeros m\u00e1s el fin de semana y luego de los pol\u00e9micos comicios presidenciales del 28 de julio, cuestionados por falta de transparencia.<\/p>\n\n\n\n<p>El ministro de Relaciones Interiores venezolano, Diosdado Cabello, acudi\u00f3 el martes a la Asamblea Nacional para informar sobre los detalles de lo que el gobierno de Nicol\u00e1s Maduro considera un complot.<\/p>\n\n\n\n<p>Cabello ya hab\u00eda denunciado el s\u00e1bado que los cuerpos de seguridad detuvieron a 14 personas \u2014entre ellos los dos espa\u00f1oles, tres estadounidenses y un ciudadano checo\u2014 por un presunto intento de asesinato contra el mandatario y otros funcionarios de su gabinete.<\/p>\n\n\n\n<p>El cuarto estadounidense detenido el martes no fue identificado por el ministro. Solo indic\u00f3 que, tras hacerle seguimiento, fue capturado en Caracas, \u00abtom\u00e1ndole fotos a las instalaciones el\u00e9ctricas y petroleras, a unidades militares\u201d.<\/p>\n\n\n\n<p>Cabello identific\u00f3 el lunes a otro de los estadounidenses detenidos como Joseph Casta\u00f1eda G\u00f3mez, a quien se refiri\u00f3 como miembro de la Armada de Estados Unidos y acus\u00f3 de pertenecer a un \u201cequipo de mercenarios\u201d.<\/p>\n\n\n\n<p>Seg\u00fan las autoridades venezolanas, desde hace meses han rastreado indicios y comunicaciones telef\u00f3nicas que condujeron a la detenci\u00f3n de supuestos \u201cmercenarios\u201d, tambi\u00e9n vinculados a la incautaci\u00f3n d\u00edas atr\u00e1s de 400 fusiles y pistolas que ser\u00edan utilizados para provocar actos violentos en territorio venezolano, afirm\u00f3.<\/p>\n\n\n\n<p>El ministro indic\u00f3 que en la trama est\u00e1 involucrada la CIA, as\u00ed como el Centro Nacional de Inteligencia de Espa\u00f1a, grupos del crimen organizado, miembros de la oposici\u00f3n venezolana, entre otros.<\/p>\n\n\n\n<p>Washington confirm\u00f3 la detenci\u00f3n de un militar estadounidense y dijo que tiene conocimiento de otros connacionales aprehendidos. Afirm\u00f3 adem\u00e1s que las acusaciones son \u201ccateg\u00f3ricamente falsas\u201d.<\/p>\n\n\n\n<p>La nueva trama conspirativa se suma a otras decenas de presuntos planes que el gobierno de Maduro dice haber desarticulado desde enero pasado.<\/p>\n\n\n\n<p>El lunes, en tanto, durante su programa semanal de radio y televisi\u00f3n, Maduro afirm\u00f3 que los dos espa\u00f1oles detenidos ser\u00edan agentes encubiertos del Centro Nacional de Inteligencia espa\u00f1ol, sin presentar evidencias.<\/p>\n\n\n\n<p>El domingo, el ministro de Asuntos Exteriores de Espa\u00f1a rechaz\u00f3 que su pa\u00eds part\u00edcipe en una \u201coperaci\u00f3n de desestabilizaci\u00f3n pol\u00edtica\u201d en Venezuela y desminti\u00f3 que los detenidos tengan alguna relaci\u00f3n con el CNI o cualquier otra organizaci\u00f3n estatal espa\u00f1ola.<\/p>\n\n\n\n<p>Las relaciones entre Espa\u00f1a y el gobierno de Maduro se tensaron recientemente, despu\u00e9s de que la naci\u00f3n europea le otorg\u00f3 asilo pol\u00edtico al excandidato opositor Edmundo Gonz\u00e1lez, ante la orden de detenci\u00f3n e investigaci\u00f3n penal que le abrieron las autoridades venezolanas tras las elecciones del 28 de julio.<\/p>\n\n\n\n<p>Maduro fue declarado victorioso para un tercer mandato en los cuestionados comicios, se\u00f1alados por falta de transparencia y de verificaci\u00f3n independiente de los resultados. Muchos gobiernos de la regi\u00f3n y Europa, entre ellos Espa\u00f1a, no reconocen el triunfo del mandatario y han exigido a las autoridades venezolanas que publiquen el desglose de los votos.<\/p>\n","protected":false},"excerpt":{"rendered":"<p>El cuarto estadounidense detenido el martes no fue identificado por el ministro CARACAS (AP) El<\/p>\n","protected":false},"author":1,"featured_media":8509,"comment_status":"open","ping_status":"open","sticky":false,"template":"","format":"standard","meta":{"footnotes":""},"categories":[4],"tags":[],"class_list":["post-8508","post","type-post","status-publish","format-standard","has-post-thumbnail","hentry","category-mundiales"],"_links":{"self":[{"href":"https:\/\/samantharadionline.com\/index.php\/wp-json\/wp\/v2\/posts\/8508","targetHints":{"allow":["GET"]}}],"collection":[{"href":"https:\/\/samantharadionline.com\/index.php\/wp-json\/wp\/v2\/posts"}],"about":[{"href":"https:\/\/samantharadionline.com\/index.php\/wp-json\/wp\/v2\/types\/post"}],"author":[{"embeddable":true,"href":"https:\/\/samantharadionline.com\/index.php\/wp-json\/wp\/v2\/users\/1"}],"replies":[{"embeddable":true,"href":"https:\/\/samantharadionline.com\/index.php\/wp-json\/wp\/v2\/comments?post=8508"}],"version-history":[{"count":1,"href":"https:\/\/samantharadionline.com\/index.php\/wp-json\/wp\/v2\/posts\/8508\/revisions"}],"predecessor-version":[{"id":8510,"href":"https:\/\/samantharadionline.com\/index.php\/wp-json\/wp\/v2\/posts\/8508\/revisions\/8510"}],"wp:featuredmedia":[{"embeddable":true,"href":"https:\/\/samantharadionline.com\/index.php\/wp-json\/wp\/v2\/media\/8509"}],"wp:attachment":[{"href":"https:\/\/samantharadionline.com\/index.php\/wp-json\/wp\/v2\/media?parent=8508"}],"wp:term":[{"taxonomy":"category","embeddable":true,"href":"https:\/\/samantharadionline.com\/index.php\/wp-json\/wp\/v2\/categories?post=8508"},{"taxonomy":"post_tag","embeddable":true,"href":"https:\/\/samantharadionline.com\/index.php\/wp-json\/wp\/v2\/tags?post=8508"}],"curies":[{"name":"wp","href":"https:\/\/api.w.org\/{rel}","templated":true}]}}