{"id":8060,"date":"2024-09-06T20:55:38","date_gmt":"2024-09-06T18:55:38","guid":{"rendered":"https:\/\/samantharadionline.com\/?p=8060"},"modified":"2024-09-06T20:55:39","modified_gmt":"2024-09-06T18:55:39","slug":"abusos-contra-el-fundador-del-movimiento-emaus-una-figura-francesa","status":"publish","type":"post","link":"https:\/\/samantharadionline.com\/index.php\/2024\/09\/06\/abusos-contra-el-fundador-del-movimiento-emaus-una-figura-francesa\/","title":{"rendered":"Abusos contra el fundador del Movimiento Ema\u00fas, una figura francesa"},"content":{"rendered":"\n<p class=\"has-medium-font-size\"><em>Las nuevas acusaciones, que abarcan desde los a\u00f1os 50 hasta comienzos del siglo XXI, detallan \u00abcontactos sexuales repetidos con una persona vulnerable<\/em><\/p>\n\n\n\n<p><img decoding=\"async\" width=\"60px\" height=\"60px\" src=\"https:\/\/listindiario.com\/files\/image_60_60\/uploads\/2023\/05\/23\/646cd02f4f53e.jpeg\" alt=\"Avatar del Agencia EFE\"><em>\u00a0<\/em>Agencia EFE, <strong>Par\u00eds<\/strong><\/p>\n\n\n\n<p>Diecisiete nuevos testimonios de mujeres, algunas de ellas menores en el momento de los hechos, se han sumado a las acusaciones de abusos sexuales contra el fundador del&nbsp;<strong>Movimiento Ema\u00fas<\/strong>, el abate Pierre (fallecido en 2007), quien hasta desvelarse esos hechos en julio era una figura muy respetada en Francia.<\/p>\n\n\n\n<p>Los testimonios, recopilados en un informe por una consultora especializada en igualdad que investiga los hechos, \u00abse refieren a&nbsp;<strong>actos de violencia sexual<\/strong>&nbsp;cometidos por el abate Pierre contra mujeres, tanto menores como adultas\u00bb, se\u00f1al\u00f3 este viernes la Fundaci\u00f3n Abate Pierre en un comunicado.<\/p>\n\n\n\n<p>Las nuevas acusaciones, que abarcan desde los a\u00f1os 50 hasta comienzos del siglo XXI, detallan \u00abcontactos sexuales repetidos con una persona vulnerable, actos repetidos de penetraci\u00f3n sexual a una persona mayor de 18 a\u00f1os\u00bb y tambi\u00e9n \u00abcomentarios de car\u00e1cter sexual, besos no consentidos y otras formas de contacto sexual\u00bb a una persona menor.<\/p>\n\n\n\n<p>Estos&nbsp;<strong>17 testimonios se suman<\/strong>&nbsp;a los siete que ya hab\u00edan sido desvelados en julio pasado y que eran de car\u00e1cter similar.<\/p>\n\n\n\n<p>Las nuevas acusaciones se han hecho p\u00fablicas en l\u00ednea con la pol\u00edtica de \u00abtransparencia\u00bb que ha adoptado tanto la Fundaci\u00f3n Abate Pierre -que pronto cambiar\u00e1 de nombre- como sus organizaciones hermanas, Ema\u00fas Internacional y Ema\u00fas Francia.<\/p>\n\n\n\n<p>\u00abReafirmamos nuestro pleno apoyo a las v\u00edctimas. Saludamos su valent\u00eda y les agradecemos su confianza. Les creemos y les apoyamos\u00bb, se\u00f1alaron en un comunicado, donde invitaron a otras posibles v\u00edctimas, si existen, a compartir sus testimonios.<\/p>\n\n\n\n<p>Adem\u00e1s del cambio de nombre de la Fundaci\u00f3n Abate Pierre, tambi\u00e9n se tomar\u00e1n otras medidas como retirar s\u00edmbolos de homenaje p\u00fablico al fundador de Ema\u00fas, un movimiento que cuenta con 303 grupos activos en Francia y 303 en otros 40 pa\u00edses dedicados al trabajo en favor de los m\u00e1s desfavorecidos.<\/p>\n\n\n\n<p>Se cerrar\u00e1 permanentemente el memorial dedicado al abate en Esteville, la localidad donde est\u00e1 enterrado, y se crear\u00e1 una comisi\u00f3n de expertos para tratar de explicar las \u00abdisfunciones\u00bb que permitieron que el conocido como &#8216;el \u00e1ngel de los pobres&#8217; \u00abactuara como actu\u00f3 durante m\u00e1s de cincuenta a\u00f1os\u00bb.<\/p>\n\n\n\n<p>\u00abNuestro Movimiento sabe cu\u00e1nto le debe al abate Pierre.&nbsp;<strong>\u00c9l inspir\u00f3 nuestras organizaciones y las encarn\u00f3 durante muchos a\u00f1os<\/strong>. Fue portador de una voz, de un impulso, que dio lugar a olas de solidaridad. La amplitud de su acci\u00f3n es un hecho hist\u00f3rico. Ahora nos enfrentamos al dolor insoportable que caus\u00f3\u00bb, recalc\u00f3 la Fundaci\u00f3n.<\/p>\n\n\n\n<p>\u00abEl Movimiento Ema\u00fas lucha contra todas las formas de violencia. Por lo tanto, su papel consiste en denunciar todos los actos intolerables, sean quienes sean sus autores\u00bb, agreg\u00f3.<\/p>\n\n\n\n<p>El abate Pierre (1912-2007), cuyo nombre era Joseph Henry Grou\u00e8s,&nbsp;<strong>fue un religioso cat\u00f3lico que fund\u00f3 el Movimiento Ema\u00fas&nbsp;<\/strong>en 1949 (inicialmente llamado &#8216;los Traperos de Ema\u00fas&#8217;) como una forma de luchar contra la pobreza y la exclusi\u00f3n social, especialmente de las personas sin techo.<\/p>\n","protected":false},"excerpt":{"rendered":"<p>Las nuevas acusaciones, que abarcan desde los a\u00f1os 50 hasta comienzos del siglo XXI, detallan<\/p>\n","protected":false},"author":1,"featured_media":8061,"comment_status":"open","ping_status":"open","sticky":false,"template":"","format":"standard","meta":{"footnotes":""},"categories":[4],"tags":[],"class_list":["post-8060","post","type-post","status-publish","format-standard","has-post-thumbnail","hentry","category-mundiales"],"_links":{"self":[{"href":"https:\/\/samantharadionline.com\/index.php\/wp-json\/wp\/v2\/posts\/8060","targetHints":{"allow":["GET"]}}],"collection":[{"href":"https:\/\/samantharadionline.com\/index.php\/wp-json\/wp\/v2\/posts"}],"about":[{"href":"https:\/\/samantharadionline.com\/index.php\/wp-json\/wp\/v2\/types\/post"}],"author":[{"embeddable":true,"href":"https:\/\/samantharadionline.com\/index.php\/wp-json\/wp\/v2\/users\/1"}],"replies":[{"embeddable":true,"href":"https:\/\/samantharadionline.com\/index.php\/wp-json\/wp\/v2\/comments?post=8060"}],"version-history":[{"count":1,"href":"https:\/\/samantharadionline.com\/index.php\/wp-json\/wp\/v2\/posts\/8060\/revisions"}],"predecessor-version":[{"id":8062,"href":"https:\/\/samantharadionline.com\/index.php\/wp-json\/wp\/v2\/posts\/8060\/revisions\/8062"}],"wp:featuredmedia":[{"embeddable":true,"href":"https:\/\/samantharadionline.com\/index.php\/wp-json\/wp\/v2\/media\/8061"}],"wp:attachment":[{"href":"https:\/\/samantharadionline.com\/index.php\/wp-json\/wp\/v2\/media?parent=8060"}],"wp:term":[{"taxonomy":"category","embeddable":true,"href":"https:\/\/samantharadionline.com\/index.php\/wp-json\/wp\/v2\/categories?post=8060"},{"taxonomy":"post_tag","embeddable":true,"href":"https:\/\/samantharadionline.com\/index.php\/wp-json\/wp\/v2\/tags?post=8060"}],"curies":[{"name":"wp","href":"https:\/\/api.w.org\/{rel}","templated":true}]}}