{"id":8053,"date":"2024-09-06T20:50:05","date_gmt":"2024-09-06T18:50:05","guid":{"rendered":"https:\/\/samantharadionline.com\/?p=8053"},"modified":"2024-09-06T20:50:06","modified_gmt":"2024-09-06T18:50:06","slug":"yaqui-nunez-del-risco-el-don-de-la-palabra-recordado-a-diez-anos-de-su-muerte","status":"publish","type":"post","link":"https:\/\/samantharadionline.com\/index.php\/2024\/09\/06\/yaqui-nunez-del-risco-el-don-de-la-palabra-recordado-a-diez-anos-de-su-muerte\/","title":{"rendered":"Yaqui N\u00fa\u00f1ez del Risco, el Don de la palabra, recordado a diez a\u00f1os de su muerte"},"content":{"rendered":"\n<p class=\"has-medium-font-size\"><em>El maestro de la palabra, con una sapiencia y un conocimiento que solo unos pocos pueden exhibir se desempe\u00f1\u00f3 con \u00e9xito en radio y televisi\u00f3n, sobre todo en programas como \u00abEl Show del Mediod\u00eda\u00bb<\/em><\/p>\n\n\n\n<p><img decoding=\"async\" width=\"60px\" height=\"60px\" src=\"https:\/\/listindiario.com\/files\/image_60_60\/uploads\/2023\/05\/10\/645c1b7a292f1.jpeg\" alt=\"Avatar del Ynmaculada Cruz Hierro\"><em>\u00a0<\/em>Ynmaculada Cruz Hierro, <strong>Santo Domingo, RD<\/strong><\/p>\n\n\n\n<p>En momentos que la sociedad dominicana ha sido arropada por una comunicaci\u00f3n trivial e insulsa, a una d\u00e9cada de su partida, el tiempo nos arroja a la cara la ausencia y el vac\u00edo, dif\u00edcil de ocupar, de Yaqui N\u00fa\u00f1ez del Risco, maestro del buen hablar e ilustre de la televisi\u00f3n dominicana, fallecido hace diez a\u00f1os.<\/p>\n\n\n\n<p>Pasaban 20 minutos de las 3.00 de la tarde del&nbsp;<strong>8 de septiembre del 2014&nbsp;<\/strong>cuando enmudec\u00eda la palabra. Pedro Julio N\u00fa\u00f1ez del Risco (Yaqui)&nbsp;<strong>falleci\u00f3 a los 75 a\u00f1os de edad,<\/strong>&nbsp;luego de permanecer varios d\u00edas ingresado en el Centro de Diagn\u00f3stico, Medicina Avanzada y Telemedicina (Cedimat).&nbsp;<\/p>\n\n\n\n<p>El afamado comunicador llevaba seis a\u00f1os padeciendo las&nbsp;<strong>secuelas de un accidente cerebro vascular, que sufri\u00f3 la noche del 1 de diciembre del 2008,<\/strong>&nbsp;el que le apag\u00f3 la voz y le limit\u00f3 sus habilidades motoras.<\/p>\n\n\n\n<p>Yaqui N\u00fa\u00f1ez era la cultura andante,&nbsp;<strong>el maestro de la palabra,<\/strong>&nbsp;con una sapiencia y un conocimiento que solo unos pocos pueden exhibir.&nbsp;<\/p>\n\n\n\n<figure class=\"wp-block-image is-resized\"><img decoding=\"async\" src=\"https:\/\/listindiario.com\/files\/composite_image\/uploads\/2024\/09\/06\/66db28e6d193a.jpeg\" alt=\"e\" style=\"width:840px;height:auto\"\/><figcaption class=\"wp-element-caption\">Recordando al grande Yaqui N\u00fa\u00f1ez del Risco en El Show del Mediod\u00eda. Video.<\/figcaption><\/figure>\n\n\n\n<p><strong>Durante su vida productiva fue comunicador,<\/strong>&nbsp;el m\u00e1s completo de la historia; publicista y compositor; poeta y declamador; periodista y locutor; productor y conductor de televisi\u00f3n; maestro y actor.<\/p>\n\n\n\n<p>Sus apariciones en \u201cEl Show del Mediod\u00eda\u201d (Color Visi\u00f3n), espaci\u00f3 que goz\u00f3 con su presencia y esplendor de uno de las mejores \u00e9poca su historia, lo hizo convertirse en uno de los dominicanos m\u00e1s amados y respetados del pa\u00eds.<\/p>\n\n\n\n<p>Superior en su perfecta dicci\u00f3n e improvisaci\u00f3n oportuna en momentos inesperados, en vivo en la televisi\u00f3n. \u201cImproviso las palabras, pero nunca las ideas\u201d, era una de sus famosas frases.<\/p>\n\n\n\n<p>\u201cMe vacun\u00e9 contra la calumnia cuando entend\u00ed que era el precio a pagar por ser distinto y triunfador. Cuando me dicen que alguien acab\u00f3 conmigo a mis espaldas, no pido, ni permito que se me diga lo que se dijo. De vivir y sobrevivir aprend\u00ed que el ignorante es atrevido, que el mediocre es irrespetuoso, y el derrotado del triunfo ajeno dispara a matar reputaci\u00f3n\u201d, una reflexi\u00f3n que lo defini\u00f3 y aplic\u00f3 en contra de \u201clos francotiradores de la envidia\u201d.<\/p>\n\n\n\n<p>Siempre tuvo la disposici\u00f3n de la formaci\u00f3n de nuevos comunicadores en la televisi\u00f3n, dando su tiempo y esfuerzo para ayudar a los m\u00e1s j\u00f3venes a corregir errores y vicios comunes a los inicios en el oficio.<\/p>\n\n\n\n<p>Un consejo que nunca apart\u00f3 de su boca fue el exhortar a usar el diccionario y aprender cada d\u00eda una nueva palabra, para as\u00ed enriquecer el vocabulario. Fue una pr\u00e1ctica que asumi\u00f3 siempre hasta que la enfermedad lo apart\u00f3 del aprendizaje.<\/p>\n\n\n\n<figure class=\"wp-block-image\" id=\"m56019-56018-56020\"><img decoding=\"async\" src=\"https:\/\/listindiario.com\/files\/vertical_main_image\/uploads\/2023\/04\/24\/6447285006099.jpeg\" alt=\"Yaqui N\u00fa\u00f1ez del Risco\"\/><figcaption class=\"wp-element-caption\">Yaqui N\u00fa\u00f1ez del RiscoArchivo LD<\/figcaption><\/figure>\n\n\n\n<h3 class=\"wp-block-heading\">SU COLUMNA  <\/h3>\n\n\n\n<p>Sus \u00faltimas expresiones y preocupaciones quedaron impresas en estas p\u00e1ginas, en donde de lunes a viernes escrib\u00eda su columna \u201cHola Nuevo D\u00eda\u201d.\u00a0<\/p>\n\n\n\n<p>Aqu\u00ed escribi\u00f3 de una diversidad de temas y experiencias cotidianas y personales.&nbsp;<strong>La titulada \u201cA pesar de todo\u201d<\/strong>&nbsp;dej\u00f3 su inquietud sobre la groser\u00eda y chabacaner\u00eda que observaba en la m\u00fasica y medios de comunicaci\u00f3n.<\/p>\n\n\n\n<p><strong>Su reflexi\u00f3n en ese escrito:&nbsp;<\/strong>\u201cEn diversas tertulias se plantea el tema de si con la libertad, la permisividad, la vulgaridad, la impunidad de la corrupci\u00f3n, las malas palabras en la radio, la TV o la m\u00fasica, el mundo est\u00e1 perdido y sin salvaci\u00f3n. Si es verdad que, como dicen ciertos fan\u00e1ticos religiosos, se acerca el fin del mundo. En torno a eso, pienso que las cosas no son como son sino como cada quien las percibe y esa percepci\u00f3n var\u00eda de generaci\u00f3n en generaci\u00f3n. Los adultos de hoy que, aunque cient\u00edficamente podemos vivir m\u00e1s a\u00f1os, somos menos que los j\u00f3venes, nos sentimos derrotados por la vigencia del delito, el vicio y el mal gusto: la corrupci\u00f3n, la prostituci\u00f3n, la drogadicci\u00f3n, la vulgarizaci\u00f3n y la difamaci\u00f3n hasta llegar al merengue sin ton ni son y al perreo del reguet\u00f3n. Porque nunca llegamos tan lejos y tan bajo los adultos de hoy que fuimos el esc\u00e1ndalo y la alarma de los padres de ayer con el rock y la insurrecci\u00f3n, el motel y el libre amor\u201d.<\/p>\n\n\n\n<p><strong>Una experiencia personal en la que titul\u00f3 \u201cDel desastre a la hecatombe\u201d, escribi\u00f3:&nbsp;<\/strong>\u201c-Abuelo, ya recib\u00ed la laptop que me regalaste en mis 15, gracias, te prometo que la usar\u00e9 m\u00e1s para aumentar mis conocimientos. -Hice contigo lo que con tu padre y tus t\u00edos y t\u00edas, o sea mis hijos e hijas: invertir lo que pude para darles las mejores oportunidades de poseer el m\u00e1s valioso de los capitales: el conocimiento. Eso hizo mi padre conmigo. Si \u00e9l no hubiera invertido en m\u00ed y yo no hubiese aprendido a aprender cada d\u00eda, mi vida quiz\u00e1 hoy fuera una debacle&#8230;\u201d.<\/p>\n\n\n\n<h3 class=\"wp-block-heading\">PROGRAMAS<\/h3>\n\n\n\n<p>Su \u00faltimo programa fue en la radio \u201cSalud, Dinero y Amor\u201d, por CDN Radio, el que conduc\u00eda junto a su esposa Susana Silfa.&nbsp;<\/p>\n\n\n\n<p>En la televisi\u00f3n estuvo al frente de las producciones \u201cOtra vez con Yaqui\u00bb, en este espacio cont\u00f3 con un excelente staff de guionistas entre ellos Milagros Ortiz Bosch.<\/p>\n\n\n\n<p>\u201cEl Tiempo pasa\u201d, \u201cComida y Comidilla\u201d, \u201cGlobal y local\u201d, \u201cLa Alegr\u00eda del pa\u00eds\u201d, \u201cEnhorabuena\u201d y el programa infantil \u201cChiqui Show\u201d.<\/p>\n\n\n\n<p>En sus inicios junto a Ram\u00f3n Puello B\u00e1ez condujo \u201cNosotros\u201d; Con Rafael Solano \u201cLetra y M\u00fasica\u201d. \u201cNosotros a las ocho\u201d en donde surge la pareja irrepetible de Yaqui N\u00fa\u00f1ez del Risco y Freddy Beras Goico.<\/p>\n\n\n\n<h3 class=\"wp-block-heading\">FACETA DE COMPOSITOR<\/h3>\n\n\n\n<p>Su primera composici\u00f3n fue \u201cSagrario, sucede a veces\u201d, dedicada a la estudiante y m\u00e1rtir universitaria Sagrario Ercira D\u00edaz;<strong>&nbsp;\u201cPaloma\u201d y \u201cCompa\u00f1era\u201d,<\/strong>&nbsp;interpretadas por&nbsp;<strong>Fernando Villalona.<\/strong><\/p>\n\n\n\n<p>Por igual, \u201cPens\u00e1ndolo bien\u201d, canta Rafael Solano;&nbsp;<strong>\u201cLo ajeno se deja quieto\u201d<\/strong>&nbsp;<strong>para Wilfrido Vargas y para Milly Quezada \u201cEso no va mi querido\u201d.<\/strong>&nbsp;Apadrin\u00f3 la carrera art\u00edstica de Glenis D\u00edaz y Gotas de \u00c1mbar.<\/p>\n","protected":false},"excerpt":{"rendered":"<p>El maestro de la palabra, con una sapiencia y un conocimiento que solo unos pocos<\/p>\n","protected":false},"author":1,"featured_media":8054,"comment_status":"open","ping_status":"open","sticky":false,"template":"","format":"standard","meta":{"footnotes":""},"categories":[11],"tags":[],"class_list":["post-8053","post","type-post","status-publish","format-standard","has-post-thumbnail","hentry","category-entretenimiento"],"_links":{"self":[{"href":"https:\/\/samantharadionline.com\/index.php\/wp-json\/wp\/v2\/posts\/8053","targetHints":{"allow":["GET"]}}],"collection":[{"href":"https:\/\/samantharadionline.com\/index.php\/wp-json\/wp\/v2\/posts"}],"about":[{"href":"https:\/\/samantharadionline.com\/index.php\/wp-json\/wp\/v2\/types\/post"}],"author":[{"embeddable":true,"href":"https:\/\/samantharadionline.com\/index.php\/wp-json\/wp\/v2\/users\/1"}],"replies":[{"embeddable":true,"href":"https:\/\/samantharadionline.com\/index.php\/wp-json\/wp\/v2\/comments?post=8053"}],"version-history":[{"count":1,"href":"https:\/\/samantharadionline.com\/index.php\/wp-json\/wp\/v2\/posts\/8053\/revisions"}],"predecessor-version":[{"id":8055,"href":"https:\/\/samantharadionline.com\/index.php\/wp-json\/wp\/v2\/posts\/8053\/revisions\/8055"}],"wp:featuredmedia":[{"embeddable":true,"href":"https:\/\/samantharadionline.com\/index.php\/wp-json\/wp\/v2\/media\/8054"}],"wp:attachment":[{"href":"https:\/\/samantharadionline.com\/index.php\/wp-json\/wp\/v2\/media?parent=8053"}],"wp:term":[{"taxonomy":"category","embeddable":true,"href":"https:\/\/samantharadionline.com\/index.php\/wp-json\/wp\/v2\/categories?post=8053"},{"taxonomy":"post_tag","embeddable":true,"href":"https:\/\/samantharadionline.com\/index.php\/wp-json\/wp\/v2\/tags?post=8053"}],"curies":[{"name":"wp","href":"https:\/\/api.w.org\/{rel}","templated":true}]}}