{"id":7561,"date":"2024-08-17T01:02:48","date_gmt":"2024-08-16T23:02:48","guid":{"rendered":"https:\/\/samantharadionline.com\/?p=7561"},"modified":"2024-08-17T01:02:49","modified_gmt":"2024-08-16T23:02:49","slug":"abinader-juramenta-a-nueve-ministros-los-demas-se-consideran-confirmados-en-los-cargos","status":"publish","type":"post","link":"https:\/\/samantharadionline.com\/index.php\/2024\/08\/17\/abinader-juramenta-a-nueve-ministros-los-demas-se-consideran-confirmados-en-los-cargos\/","title":{"rendered":"Abinader juramenta a nueve ministros; los dem\u00e1s se consideran confirmados en los cargos"},"content":{"rendered":"\n<p class=\"has-medium-font-size\"><em>El consultor jur\u00eddico anunci\u00f3 que solo los nuevos anunciados ser\u00edan juramentados y los que no se hab\u00eda informado ninguna nueva funci\u00f3n permanecen en sus cargos y no necesitan cumplir con el protocolo de juramentaci\u00f3n<\/em><\/p>\n\n\n\n<p><img decoding=\"async\" width=\"60px\" height=\"60px\" src=\"https:\/\/listindiario.com\/files\/image_60_60\/uploads\/2023\/05\/16\/64638cfd2419c.jpeg\" alt=\"Avatar del Javier Flores\"><em>\u00a0<\/em>Javier Flores,<strong> Santo Domingo, RD .<\/strong><\/p>\n\n\n\n<p>El presidente Luis Abinader jurament\u00f3 este d\u00eda a los reci\u00e9n nombrados ministros que lo acompa\u00f1ar\u00e1n durante este nuevo periodo presidencial.&nbsp;<strong>La juramentaci\u00f3n solo incluy\u00f3 a nueve nuevas designaciones<\/strong>, mientras los restantes, 14, sin contar la procuradora, ya ocupan la posici\u00f3n, algunos desde el 2020.<\/p>\n\n\n\n<p>El consultor jur\u00eddico del Poder Ejecutivo, Antoliano Peralta, anunci\u00f3 que&nbsp;<strong>solo los nuevos anuncios ser\u00edan juramentados<\/strong>&nbsp;y que de los que no se hab\u00eda informado ninguna nueva funci\u00f3n permanecen en sus cargos y no necesitan cumplir con el protocolo de juramentaci\u00f3n.<\/p>\n\n\n\n<p>Fue entonces cuando los nuevos ministros dieron un paso al frente y el presidente Luis Abinader les tom\u00f3 el juramento de rigor.<\/p>\n\n\n\n<p><strong>\u00abUstedes se est\u00e1n juramentando y su lealtad es a la patria, al gobierno<\/strong>, no solo a una persona o un presidente, su lealtad es con su pueblo. Eso les lleva a trabajar con eficiencia y transparencia\u00bb, dijo el presidente dominicano al terminar la juramentaci\u00f3n de los nombrados.<\/p>\n\n\n\n<p>El mandatario lleva varios d\u00edas anunciando a trav\u00e9s de la red social de WhatsApp las nuevas designaciones de su tren gubernamental, algunas de las cuales ya han tomado posesi\u00f3n y otras iniciar\u00e1n este 16 de agosto.<\/p>\n\n\n\n<p>El primer nombramiento fue el 17 de julio con el anuncio de Andr\u00e9s Bautista como ministro Administrativo de la Presidencia; Sigmund Freund al frente del Ministerio de Administraci\u00f3n Publica y Carlos Valdez, en el Ministerio de la Juventud.<\/p>\n\n\n\n<p>Asimismo, d\u00edas despu\u00e9s, el 31 de julio, fue anunciada la designaci\u00f3n de Faride Raful como ministra de Interior y Polic\u00eda. El dos de agosto, Luis Abinader anunci\u00f3 la designaci\u00f3n de Armando Paino como ministro de Medio Ambiente y Recursos Naturales.<\/p>\n\n\n\n<p>Este jueves el mandatario tambi\u00e9n anunci\u00f3 al alcalde Kelvin Cruz como ministro de Deportes; a Jos\u00e9 Ignacio Paliza como ministro de la Presidencia y Joel Santos como ministro de Energ\u00eda y Minas.<\/p>\n\n\n\n<p>Este viernes se anunci\u00f3 la designaci\u00f3n de Carlos Antonio Fern\u00e1ndez Onofre como ministro de Defensa.<\/p>\n\n\n\n<p>En el cargo permanecen el ministro de Relaciones Exteriores, Roberto \u00c1lvarez Gil; el ministro de Hacienda, Jochi Vicente; el ministro de Industria, Comercio y MiPymes, V\u00edctor (It\u00f3) Bison\u00f3; el ministro de Econom\u00eda, Planificaci\u00f3n y Desarrollo, P\u00e1vel Ernesto Isa Contreras; el ministro de Educaci\u00f3n, \u00c1ngel Hern\u00e1ndez; el ministro de Salud P\u00fablica y Asistencia Social, V\u00edctor Atallah Lajam; el ministro de Obras P\u00fablicas y Comunicaciones, Deligne Ascensi\u00f3n Burgos; el ministro de Agricultura, Limber Cruz y de Turismo, David Collado.<\/p>\n\n\n\n<p>Adem\u00e1s est\u00e1n en el Ministerio de Educaci\u00f3n Superior, Ciencia y Tecnolog\u00eda, Franklin Garc\u00eda Ferm\u00edn; en el Ministro de Trabajo; Luis Miguel de Camps; en el Ministerio de Cultura, Milagros Germ\u00e1n; la ministra de la Mujer, Mayra Jim\u00e9nez; de Vivienda, H\u00e1bitat y Edificaciones, Carlos Bonilla. As\u00ed como la procuradora Miriam Germ\u00e1n Brito.&nbsp;<\/p>\n\n\n\n<p>En el acto estuvieron presentes y se presumen como ratificados Eduardo (Yayo) Sanz Lovat\u00f3n como el titular de la Direcci\u00f3n General de Aduanas; Luis Vald\u00e9s, como el director general de Impuestos Internos; Milagros Ortiz Bosch como directora General de \u00c9tica e Integridad Gubernamental y Samuel Pereyra como presidente ejecutivo del Banco de Reservas.<\/p>\n","protected":false},"excerpt":{"rendered":"<p>El consultor jur\u00eddico anunci\u00f3 que solo los nuevos anunciados ser\u00edan juramentados y los que no<\/p>\n","protected":false},"author":1,"featured_media":7562,"comment_status":"open","ping_status":"open","sticky":false,"template":"","format":"standard","meta":{"footnotes":""},"categories":[12],"tags":[],"class_list":["post-7561","post","type-post","status-publish","format-standard","has-post-thumbnail","hentry","category-nacionales"],"_links":{"self":[{"href":"https:\/\/samantharadionline.com\/index.php\/wp-json\/wp\/v2\/posts\/7561","targetHints":{"allow":["GET"]}}],"collection":[{"href":"https:\/\/samantharadionline.com\/index.php\/wp-json\/wp\/v2\/posts"}],"about":[{"href":"https:\/\/samantharadionline.com\/index.php\/wp-json\/wp\/v2\/types\/post"}],"author":[{"embeddable":true,"href":"https:\/\/samantharadionline.com\/index.php\/wp-json\/wp\/v2\/users\/1"}],"replies":[{"embeddable":true,"href":"https:\/\/samantharadionline.com\/index.php\/wp-json\/wp\/v2\/comments?post=7561"}],"version-history":[{"count":1,"href":"https:\/\/samantharadionline.com\/index.php\/wp-json\/wp\/v2\/posts\/7561\/revisions"}],"predecessor-version":[{"id":7563,"href":"https:\/\/samantharadionline.com\/index.php\/wp-json\/wp\/v2\/posts\/7561\/revisions\/7563"}],"wp:featuredmedia":[{"embeddable":true,"href":"https:\/\/samantharadionline.com\/index.php\/wp-json\/wp\/v2\/media\/7562"}],"wp:attachment":[{"href":"https:\/\/samantharadionline.com\/index.php\/wp-json\/wp\/v2\/media?parent=7561"}],"wp:term":[{"taxonomy":"category","embeddable":true,"href":"https:\/\/samantharadionline.com\/index.php\/wp-json\/wp\/v2\/categories?post=7561"},{"taxonomy":"post_tag","embeddable":true,"href":"https:\/\/samantharadionline.com\/index.php\/wp-json\/wp\/v2\/tags?post=7561"}],"curies":[{"name":"wp","href":"https:\/\/api.w.org\/{rel}","templated":true}]}}