{"id":7069,"date":"2024-07-29T22:19:23","date_gmt":"2024-07-29T20:19:23","guid":{"rendered":"https:\/\/samantharadionline.com\/?p=7069"},"modified":"2024-07-29T22:19:24","modified_gmt":"2024-07-29T20:19:24","slug":"gimnasta-de-ascendencia-dominicana-no-competira-en-la-final-de-paris","status":"publish","type":"post","link":"https:\/\/samantharadionline.com\/index.php\/2024\/07\/29\/gimnasta-de-ascendencia-dominicana-no-competira-en-la-final-de-paris\/","title":{"rendered":"Gimnasta de ascendencia dominicana, no competir\u00e1 en la final de Par\u00eds"},"content":{"rendered":"\n<p class=\"has-medium-font-size\"><em>Hezly Rivera no clasific\u00f3 para ninguna final individual, por lo que su participaci\u00f3n en estos Juegos Ol\u00edmpicos podr\u00eda haber terminado<\/em><\/p>\n\n\n\n<p><img decoding=\"async\" width=\"60px\" height=\"60px\" src=\"https:\/\/listindiario.com\/files\/image_60_60\/uploads\/2023\/05\/23\/646ccfb2f0e7e.jpeg\" alt=\"Avatar del Agencia AP\"><em>\u00a0<\/em>NBC\/ Agencia AP<strong>, Nueva Jersey\u00a0<\/strong><\/p>\n\n\n\n<p>Por primera vez desde 2008, una integrante del equipo de&nbsp;<strong>gimnasia ol\u00edmpica femenina de Estados Unidos&nbsp;<\/strong>no competir\u00e1 en la final por equipos.<\/p>\n\n\n\n<p><strong>Hezly Rivera<\/strong>, de&nbsp;<strong>ascendencia dominicana<\/strong>, no forma parte de la alineaci\u00f3n del equipo de Estados Unidos para la final del martes. No clasific\u00f3 para ninguna final individual, por lo que su participaci\u00f3n en estos<strong>&nbsp;Juegos Ol\u00edmpicos podr\u00edan haber terminado.<\/strong>&nbsp;En la ronda de clasificaci\u00f3n, fue la que obtuvo el puntaje m\u00e1s bajo en las dos pruebas en las que compiti\u00f3, barras y viga.<\/p>\n\n\n\n<p>Si el equipo gana,&nbsp;<strong>Rivera recibir\u00e1 una medalla de oro.<\/strong><\/p>\n\n\n\n<p>La atleta de 16 a\u00f1os, la integrante m\u00e1s joven del equipo de Estados Unidos en todos los deportes en los<strong>&nbsp;Juegos Ol\u00edmpicos de Par\u00eds 2024,&nbsp;<\/strong>compiti\u00f3 el domingo en dos de las pruebas de clasificaci\u00f3n de gimnasia general, lo que ayud\u00f3 a las mujeres estadounidenses a obtener el puntaje general m\u00e1s alto para avanzar.<\/p>\n\n\n\n<p>En las&nbsp;<strong>barras asim\u00e9tricas, Rivera logr\u00f3 una puntuaci\u00f3n de 13.900<\/strong>, lo que le permiti\u00f3 empatar en el puesto 13, detr\u00e1s de China y&nbsp;<strong>no muy lejos de Suni Lee y Biles,<\/strong>&nbsp;del equipo estadounidense, que obtuvieron una puntuaci\u00f3n superior a 14.000 en esa prueba. Rivera obtuvo una puntuaci\u00f3n de 12.633 en viga, quedando en el puesto 26. Biles (14.733) y Lee (14.033) quedaron en segundo y tercer lugar, detr\u00e1s de Yaqin Zhou, de China (14.866).<\/p>\n\n\n\n<p>Las\u00a0<strong>estadounidenses son los grandes favoritos<\/strong>\u00a0para ganar el oro despu\u00e9s de haber quedado en segundo lugar, detr\u00e1s de Rusia, en Tokio hace tres a\u00f1os. <\/p>\n\n\n\n<p><strong>Biles competir\u00e1 en \u00faltimo lugar por Estados Unidos<\/strong>&nbsp;en tres eventos (salto de caballo, ejercicio de suelo y viga de equilibrio) y en&nbsp;<strong>segundo lugar en barras asim\u00e9tricas.<\/strong><\/p>\n\n\n\n<p>Jordan Chiles, que termin\u00f3 en cuarto lugar en el concurso completo durante la clasificaci\u00f3n detr\u00e1s de Biles, la brasile\u00f1a Rebeca Andrade y la campeona ol\u00edmpica de 2020 Sunisa Lee, tambi\u00e9n competir\u00e1 en los cuatro eventos.<\/p>\n\n\n\n<p><strong>Chiles, parte del equipo estadounidense&nbsp;<\/strong>que gan\u00f3 la medalla de plata hace tres a\u00f1os, liderar\u00e1 en salto de caballo, barras y viga de equilibrio y ser\u00e1 segunda&nbsp;<strong>detr\u00e1s de Lee en ejercicio de suelo.<\/strong><\/p>\n\n\n\n<p>Lee ser\u00e1 la tercera estadounidense en barras asim\u00e9tricas, su evento caracter\u00edstico. Ser\u00e1 segunda en viga y primera en ejercicio de suelo.<\/p>\n\n\n\n<p>El \u00fanico cambio inesperado en la alineaci\u00f3n es en suelo, donde se sentar\u00e1 la campeona ol\u00edmpica de ejercicio de suelo de 2020, Jade Carey. Carey, que competir\u00e1 en salto, tuvo dificultades en suelo durante la clasificaci\u00f3n y dijo despu\u00e9s que est\u00e1 lidiando con una enfermedad.<\/p>\n","protected":false},"excerpt":{"rendered":"<p>Hezly Rivera no clasific\u00f3 para ninguna final individual, por lo que su participaci\u00f3n en estos<\/p>\n","protected":false},"author":1,"featured_media":7070,"comment_status":"open","ping_status":"open","sticky":false,"template":"","format":"standard","meta":{"footnotes":""},"categories":[14],"tags":[],"class_list":["post-7069","post","type-post","status-publish","format-standard","has-post-thumbnail","hentry","category-deportes"],"_links":{"self":[{"href":"https:\/\/samantharadionline.com\/index.php\/wp-json\/wp\/v2\/posts\/7069","targetHints":{"allow":["GET"]}}],"collection":[{"href":"https:\/\/samantharadionline.com\/index.php\/wp-json\/wp\/v2\/posts"}],"about":[{"href":"https:\/\/samantharadionline.com\/index.php\/wp-json\/wp\/v2\/types\/post"}],"author":[{"embeddable":true,"href":"https:\/\/samantharadionline.com\/index.php\/wp-json\/wp\/v2\/users\/1"}],"replies":[{"embeddable":true,"href":"https:\/\/samantharadionline.com\/index.php\/wp-json\/wp\/v2\/comments?post=7069"}],"version-history":[{"count":1,"href":"https:\/\/samantharadionline.com\/index.php\/wp-json\/wp\/v2\/posts\/7069\/revisions"}],"predecessor-version":[{"id":7071,"href":"https:\/\/samantharadionline.com\/index.php\/wp-json\/wp\/v2\/posts\/7069\/revisions\/7071"}],"wp:featuredmedia":[{"embeddable":true,"href":"https:\/\/samantharadionline.com\/index.php\/wp-json\/wp\/v2\/media\/7070"}],"wp:attachment":[{"href":"https:\/\/samantharadionline.com\/index.php\/wp-json\/wp\/v2\/media?parent=7069"}],"wp:term":[{"taxonomy":"category","embeddable":true,"href":"https:\/\/samantharadionline.com\/index.php\/wp-json\/wp\/v2\/categories?post=7069"},{"taxonomy":"post_tag","embeddable":true,"href":"https:\/\/samantharadionline.com\/index.php\/wp-json\/wp\/v2\/tags?post=7069"}],"curies":[{"name":"wp","href":"https:\/\/api.w.org\/{rel}","templated":true}]}}