{"id":4857,"date":"2024-05-06T13:43:21","date_gmt":"2024-05-06T11:43:21","guid":{"rendered":"https:\/\/samantharadionline.com\/?p=4857"},"modified":"2024-05-06T13:43:23","modified_gmt":"2024-05-06T11:43:23","slug":"xi-jinping-visitara-tres-paises-europeos","status":"publish","type":"post","link":"https:\/\/samantharadionline.com\/index.php\/2024\/05\/06\/xi-jinping-visitara-tres-paises-europeos\/","title":{"rendered":"Xi Jinping visitar\u00e1 tres pa\u00edses europeos"},"content":{"rendered":"\n<p class=\"has-medium-font-size\">Es la primera gira europea de Xi desde 2019, cuando la pandemia del covid-19 aisl\u00f3 al gigante asi\u00e1tico del mundo durante casi tres a\u00f1os, y coincide con los 60 a\u00f1os de relaciones diplom\u00e1ticas entre China y Francia.<\/p>\n\n\n\n<p><em>\u00a0<\/em>AGENCIA AFP, <strong>Par\u00eds, Francia<\/strong><\/p>\n\n\n\n<p>El presidente chino, Xi Jinping, lleg\u00f3 este domingo en el marco de una visita oficial a Francia, donde afirm\u00f3 que quiere trabajar con Par\u00eds \u00aby toda la comunidad internacional\u00bb para encontrar \u00abbuenas v\u00edas de resoluci\u00f3n\u00bb de la guerra de Ucrania.<\/p>\n\n\n\n<p>Esta es la primera gira europea de Xi desde 2019, cuando la pandemia del covid-19 aisl\u00f3 al gigante asi\u00e1tico del mundo durante casi tres a\u00f1os, y coincide con los 60 a\u00f1os de relaciones diplom\u00e1ticas entre China y Francia.<\/p>\n\n\n\n<p>A su llegada al aeropuerto de Orly, en las afueras de Par\u00eds, Xi y su esposa, Peng Liyuan, fueron recibidos por el primer ministro franc\u00e9s, Gabriel Attal.<\/p>\n\n\n\n<p>Durante la visita del presidente chino, su hom\u00f3logo franc\u00e9s Emmanuel Macron quiere defender la \u00abreciprocidad\u00bb comercial y la b\u00fasqueda de una soluci\u00f3n al conflicto ucraniano frente a un mandatario que muestra su apoyo a Rusia.<\/p>\n\n\n\n<p>\u00abEsperamos que la paz y la estabilidad vuelvan r\u00e1pidamente a Europa, y tenemos la intenci\u00f3n de trabajar con Francia y toda la comunidad internacional para encontrar buenas v\u00edas de resoluci\u00f3n de la crisis\u00bb, escribi\u00f3 el dirigente chino en el diario Le Figaro.<\/p>\n\n\n\n<p>\u00abComprendemos la agitaci\u00f3n que la crisis ucraniana est\u00e1 causando a los europeos. China no ha causado esta crisis, ni es parte ni participante en ella\u00bb, a\u00f1adi\u00f3 Xi.<\/p>\n\n\n\n<p>El presidente chino permanecer\u00e1 en Francia hasta el martes y viajar\u00e1 despu\u00e9s a Serbia y Hungr\u00eda, dos pa\u00edses cercanos a Mosc\u00fa.<\/p>\n\n\n\n<p>El lunes, Xi se reunir\u00e1 con Macron y la presidenta de la Comisi\u00f3n Europea, Ursula von der Leyen, en el El\u00edseo, donde se abordar\u00e1n los numerosos desacuerdos comerciales.<\/p>\n\n\n\n<p>La Uni\u00f3n Europea multiplic\u00f3 en los \u00faltimos meses las investigaciones sobre las subvenciones estatales chinas en sectores como el autom\u00f3vil el\u00e9ctrico, acusadas de ser anticompetitivas.<\/p>\n\n\n\n<p><strong>&#8211; \u00abTregua ol\u00edmpica\u00bb &#8211;<\/strong><\/p>\n\n\n\n<p>En una entrevista publicada este domingo por La Tribune, Macron abog\u00f3 por \u00abproteger mejor\u00bb la \u00abseguridad nacional\u00bb, \u00abser mucho m\u00e1s realistas en la defensa de nuestros intereses\u00bb y \u00abobtener la reciprocidad\u00bb.<\/p>\n\n\n\n<p>Para Pek\u00edn, estas medidas se consideran \u00abproteccionistas\u00bb y se ven con malos ojos. Las autoridades chinas lanzaron su propia investigaci\u00f3n contra las subvenciones estatales, en particular sobre el co\u00f1ac.<\/p>\n\n\n\n<p>Tras una ceremonia de bienvenida y antes de un banquete en el El\u00edseo, Macron y Xi se dar\u00e1n cita en la tarde para un encuentro m\u00e1s pol\u00edtico, y luego se dirigir\u00e1n a la prensa.<\/p>\n\n\n\n<p>El presidente franc\u00e9s tiene previsto pedirle a Xi que apoye la \u00abtregua ol\u00edmpica\u00bb para \u00abtodos\u00bb los conflictos durante los Juegos Ol\u00edmpicos de Par\u00eds de este verano.<\/p>\n\n\n\n<p>Como m\u00ednimo, Par\u00eds quiere asegurarse de que China, principal aliado del presidente ruso Vladimir Putin, no apoye claramente su esfuerzo b\u00e9lico contra Kiev. E incluso animar el pa\u00eds \u00aba utilizar las palancas\u00bb que tiene sobre Mosc\u00fa para \u00abcontribuir a la resoluci\u00f3n de este conflicto\u00bb, seg\u00fan el El\u00edseo.<\/p>\n\n\n\n<p>Macron traslad\u00f3 el mismo mensaje durante su propia visita de Estado a China hace un a\u00f1o, con resultados modestos.<\/p>\n\n\n\n<p>Para Marc Julienne, investigador en el Instituto franc\u00e9s de Relaciones Internacionales, este \u00abenfoque revela una falta de comprensi\u00f3n de los intereses y la estrategia de Pek\u00edn\u00bb, que no tiene intenci\u00f3n de \u00abimplicarse m\u00e1s [en el conflicto], ni a favor de los europeos ni a favor del apoyo militar a Rusia\u00bb.<\/p>\n\n\n\n<p><strong>&#8211; Excursi\u00f3n a los Pirineos &#8211;<\/strong><\/p>\n\n\n\n<p>Macron tratar\u00e1 sin embargo de hacer hincapi\u00e9 en este punto el martes, cuando ambos dirigentes realicen un viaje m\u00e1s personal a los Pirineos, acompa\u00f1ados por sus esposas.<\/p>\n\n\n\n<p>El objetivo de la visita ser\u00e1 eminentemente diplom\u00e1tico: romper el imponente protocolo y establecer un di\u00e1logo m\u00e1s directo, en particular sobre Ucrania.<\/p>\n\n\n\n<p>Grupos de defensa de los derechos humanos, que acusan a China de reprimir a la minor\u00eda musulmana de los uigures y de encarcelar a decenas de periodistas, urgen a Macron tratar estas cuestiones en los encuentros.<\/p>\n\n\n\n<p>\u00abEl presidente Macron tendr\u00edan que dejarle claro a Xi Jinping que los cr\u00edmenes contra la humanidad de Pek\u00edn tienen consecuencias en las relaciones de China con Francia\u00bb, dijo Maya Wang, de Human Rights Watch.<\/p>\n\n\n\n<p>El domingo, una multitud de manifestantes &#8211;unos 2.000 seg\u00fan la polic\u00eda&#8211; despleg\u00f3 una bandera tibetana en Par\u00eds, acusando a Xi de ser un \u00abdictador\u00bb y de querer borrar la cultura local en la regi\u00f3n del T\u00edbet.<\/p>\n\n\n\n<p>Pero los analistas se muestran esc\u00e9pticos en que el mandatario franc\u00e9s pueda ejercer alguna influencia en el l\u00edder chino.<\/p>\n","protected":false},"excerpt":{"rendered":"<p>Es la primera gira europea de Xi desde 2019, cuando la pandemia del covid-19 aisl\u00f3<\/p>\n","protected":false},"author":1,"featured_media":4858,"comment_status":"open","ping_status":"open","sticky":false,"template":"","format":"standard","meta":{"footnotes":""},"categories":[4],"tags":[],"class_list":["post-4857","post","type-post","status-publish","format-standard","has-post-thumbnail","hentry","category-mundiales"],"_links":{"self":[{"href":"https:\/\/samantharadionline.com\/index.php\/wp-json\/wp\/v2\/posts\/4857","targetHints":{"allow":["GET"]}}],"collection":[{"href":"https:\/\/samantharadionline.com\/index.php\/wp-json\/wp\/v2\/posts"}],"about":[{"href":"https:\/\/samantharadionline.com\/index.php\/wp-json\/wp\/v2\/types\/post"}],"author":[{"embeddable":true,"href":"https:\/\/samantharadionline.com\/index.php\/wp-json\/wp\/v2\/users\/1"}],"replies":[{"embeddable":true,"href":"https:\/\/samantharadionline.com\/index.php\/wp-json\/wp\/v2\/comments?post=4857"}],"version-history":[{"count":1,"href":"https:\/\/samantharadionline.com\/index.php\/wp-json\/wp\/v2\/posts\/4857\/revisions"}],"predecessor-version":[{"id":4859,"href":"https:\/\/samantharadionline.com\/index.php\/wp-json\/wp\/v2\/posts\/4857\/revisions\/4859"}],"wp:featuredmedia":[{"embeddable":true,"href":"https:\/\/samantharadionline.com\/index.php\/wp-json\/wp\/v2\/media\/4858"}],"wp:attachment":[{"href":"https:\/\/samantharadionline.com\/index.php\/wp-json\/wp\/v2\/media?parent=4857"}],"wp:term":[{"taxonomy":"category","embeddable":true,"href":"https:\/\/samantharadionline.com\/index.php\/wp-json\/wp\/v2\/categories?post=4857"},{"taxonomy":"post_tag","embeddable":true,"href":"https:\/\/samantharadionline.com\/index.php\/wp-json\/wp\/v2\/tags?post=4857"}],"curies":[{"name":"wp","href":"https:\/\/api.w.org\/{rel}","templated":true}]}}