{"id":4634,"date":"2024-04-26T02:52:24","date_gmt":"2024-04-26T00:52:24","guid":{"rendered":"https:\/\/samantharadionline.com\/?p=4634"},"modified":"2024-04-26T02:52:26","modified_gmt":"2024-04-26T00:52:26","slug":"en-seis-meses-depredadores-no-dan-tregua-a-las-dunas","status":"publish","type":"post","link":"https:\/\/samantharadionline.com\/index.php\/2024\/04\/26\/en-seis-meses-depredadores-no-dan-tregua-a-las-dunas\/","title":{"rendered":"En seis meses depredadores no dan tregua a Las Dunas"},"content":{"rendered":"\n<p class=\"has-medium-font-size\"><em>Exposici\u00f3n. El rechazo de los banilejos fue llevado al Congreso por la diputada Mercedes Rodr\u00edguez.<\/em><\/p>\n\n\n\n<p>JOS\u00c9 DICEN<\/p>\n\n\n\n<p>Comunitarios de Las Calderas, en Ban\u00ed, denunciaron la extensi\u00f3n a nuevas \u00e1reas de los da\u00f1os que est\u00e1n causando particulares en el interior de Las Dunas con el desmonte de cientos de \u00e1rboles end\u00e9micos de la zona, cuando a\u00fan el Ministerio de Medio Ambiente no ha instalado los mecanismos de vigilancia anunciados.<\/p>\n\n\n\n<p>En un amplio recorrido realizado por reporteros de List\u00edn Diario, junto a comunitarios de estas localidades, se pudo apreciar el corte indiscriminado de cientos de \u00e1rboles, cuyos restos ya secos y listos para ser incendiados se esparcen por m\u00e1s de 60 a 70 hect\u00e1reas nuevas en otros sitios del parque, conocidos como La Laguneta o Los Guatapan\u00e1.<\/p>\n\n\n\n<p>M\u00e1s da\u00f1o<\/p>\n\n\n\n<p>La revelaci\u00f3n de m\u00e1s \u00e1reas da\u00f1adas en este monumento natural por cortes brutales que han derribado cientos de \u00e1rboles de guatapan\u00e1, saona, palo de agua, aceitunos, olivos, guayacanes, guano barrig\u00f3n, cochinilla y otros, en esta reserva cient\u00edfica ha exacerbado la indignaci\u00f3n de apicultores y criadores caprinos, que, por m\u00e1s de 100 a\u00f1os, aseguran han cuidado este parque natural.<\/p>\n\n\n\n<p>Carlos Mart\u00ednez, productor ap\u00edcola de la zona, dijo a LISTIN, \u201chay que entrar a esas dunas para ver todo el desastre que ah\u00ed hay\u201d. Agreg\u00f3 que \u201cantier me encontr\u00e9 con un se\u00f1or que tiene all\u00e1 50 tareas aradas, meti\u00e9ndole ya las tuber\u00edas para hacer siembras\u201d.<\/p>\n\n\n\n<p>\u201cYo dije ese es un poderoso, y le saqu\u00e9 la vuelta\u201d, manifest\u00f3 Mart\u00ednez.<\/p>\n\n\n\n<p>Otros aseguran que desde un viceministerio de Medio Ambiente \u201cse le firm\u00f3 un permiso ah\u00ed adentro a una persona para que cercara unos 4,000 metros de dunas con el prop\u00f3sito de que sembrara melones y sandias. Esa persona explot\u00f3 50 tareas en \u00e1reas protegida\u201d.<\/p>\n\n\n\n<p>List\u00edn Diario ha realizado reportajes con denuncias continuas de los da\u00f1os a las Dunas Banilejas por sus perennes depredadores de los \u00faltimos 22 a\u00f1os. En toda, la reacci\u00f3n de Medio Ambientes, sus t\u00e9cnicos y ministros ha sido negar que el il\u00edcito ambiental es en \u00e1rea protegida, a pesar de las contundentes evidencias.<\/p>\n\n\n\n<p>Investigaci\u00f3n<\/p>\n\n\n\n<p>El lunes pasado a las 5:00 de la tarde recorriendo la zona interna de Las Dunas Banilejas, a escasos metros de la zona costera, por el sitio de La Laguneta o Los Guatapan\u00e1, se pod\u00edan observar adem\u00e1s del crimen ecol\u00f3gico que ha eliminado a diestra y siniestra con hacha, machete y cierras el\u00e9ctricas casi toda el \u00e1rea boscosa en unas 60 tareas de tierra a la redonda, tambi\u00e9n se levantan imponentes, miles de metros de empalizadas.<\/p>\n\n\n\n<p>Estas cubren perimetralmente extensos terrenos, unos ya limpios y otros en proceso para el estableciente de parcelas que se tragan flora y fauna end\u00e9mica de la zona.<\/p>\n\n\n\n<p>Leonel Pe\u00f1a, presidente de la Asociaci\u00f3n de criadores de Abejas (Apideca), se pregunt\u00f3 en un encuentro entre l\u00edderes comunitarios de Las Calderas \u00bfd\u00f3nde est\u00e1n las autoridades?<\/p>\n\n\n\n<p>Al respecto, apunt\u00f3; \u201ccuando sali\u00f3 est\u00e1 primera plana en List\u00edn\u201d, refiri\u00e9ndose al reportaje publicado en este medio este lunes 15 de abril pasado, \u201cel principal peri\u00f3dico de este pa\u00eds, era para que ah\u00ed estuviera preso todo el mundo, toda esas empalizadas derribadas y esos posos borrados\u201d, dijo lleno de enfado en sus gestos y palabras.<\/p>\n\n\n\n<p>La Fauna muriendo<\/p>\n\n\n\n<p>La iguana rinoceronte y el hur\u00f3n, que tienen su h\u00e1bitat en esta zona, junto a cotorras, guaraguaos, zumbadores, barrancolies y otros, pierden aceleradamente sus espacios naturales por la tala y el fuego asesino que manos criminales con inter\u00e9s pecuniario imponen por todo este lugar como epidemia da\u00f1osa que mata todo a su paso.<\/p>\n","protected":false},"excerpt":{"rendered":"<p>Exposici\u00f3n. El rechazo de los banilejos fue llevado al Congreso por la diputada Mercedes Rodr\u00edguez.<\/p>\n","protected":false},"author":1,"featured_media":4635,"comment_status":"open","ping_status":"open","sticky":false,"template":"","format":"standard","meta":{"footnotes":""},"categories":[12],"tags":[],"class_list":["post-4634","post","type-post","status-publish","format-standard","has-post-thumbnail","hentry","category-nacionales"],"_links":{"self":[{"href":"https:\/\/samantharadionline.com\/index.php\/wp-json\/wp\/v2\/posts\/4634","targetHints":{"allow":["GET"]}}],"collection":[{"href":"https:\/\/samantharadionline.com\/index.php\/wp-json\/wp\/v2\/posts"}],"about":[{"href":"https:\/\/samantharadionline.com\/index.php\/wp-json\/wp\/v2\/types\/post"}],"author":[{"embeddable":true,"href":"https:\/\/samantharadionline.com\/index.php\/wp-json\/wp\/v2\/users\/1"}],"replies":[{"embeddable":true,"href":"https:\/\/samantharadionline.com\/index.php\/wp-json\/wp\/v2\/comments?post=4634"}],"version-history":[{"count":1,"href":"https:\/\/samantharadionline.com\/index.php\/wp-json\/wp\/v2\/posts\/4634\/revisions"}],"predecessor-version":[{"id":4636,"href":"https:\/\/samantharadionline.com\/index.php\/wp-json\/wp\/v2\/posts\/4634\/revisions\/4636"}],"wp:featuredmedia":[{"embeddable":true,"href":"https:\/\/samantharadionline.com\/index.php\/wp-json\/wp\/v2\/media\/4635"}],"wp:attachment":[{"href":"https:\/\/samantharadionline.com\/index.php\/wp-json\/wp\/v2\/media?parent=4634"}],"wp:term":[{"taxonomy":"category","embeddable":true,"href":"https:\/\/samantharadionline.com\/index.php\/wp-json\/wp\/v2\/categories?post=4634"},{"taxonomy":"post_tag","embeddable":true,"href":"https:\/\/samantharadionline.com\/index.php\/wp-json\/wp\/v2\/tags?post=4634"}],"curies":[{"name":"wp","href":"https:\/\/api.w.org\/{rel}","templated":true}]}}