{"id":4344,"date":"2024-04-14T01:20:09","date_gmt":"2024-04-13T23:20:09","guid":{"rendered":"https:\/\/samantharadionline.com\/?p=4344"},"modified":"2024-04-14T01:20:10","modified_gmt":"2024-04-13T23:20:10","slug":"liberado-candidato-presidencial-roque-espaillat","status":"publish","type":"post","link":"https:\/\/samantharadionline.com\/index.php\/2024\/04\/14\/liberado-candidato-presidencial-roque-espaillat\/","title":{"rendered":"Liberado candidato presidencial Roque Espaillat"},"content":{"rendered":"\n<p class=\"has-medium-font-size\"><em>Espaillat fue detenido por cruzar el punto de seguridad del canal de La Vig\u00eda<\/em><\/p>\n\n\n\n<p><strong>Santo Domingo, RD<\/strong><\/p>\n\n\n\n<p><span style=\"font-family: &quot;IBM Plex Serif&quot;, serif; font-size: 22px; white-space-collapse: collapse; color: initial;\">El Ej\u00e9rcito de la Rep\u00fablica inform\u00f3 que el candidato presidencial del<\/span><span style=\"font-family: &quot;IBM Plex Serif&quot;, serif; font-size: 22px; white-space-collapse: collapse; color: initial;\">\u00a0<\/span><b style=\"font-family: &quot;IBM Plex Serif&quot;, serif; font-size: 22px; white-space-collapse: collapse; color: initial; box-sizing: border-box; margin: 0px; padding: 0px;\">Partido Esperanza Democr\u00e1tica<\/b><span style=\"font-family: &quot;IBM Plex Serif&quot;, serif; font-size: 22px; white-space-collapse: collapse; color: initial;\">\u00a0<\/span><span style=\"font-family: &quot;IBM Plex Serif&quot;, serif; font-size: 22px; white-space-collapse: collapse; color: initial;\">(PED),<\/span><span style=\"font-family: &quot;IBM Plex Serif&quot;, serif; font-size: 22px; white-space-collapse: collapse; color: initial;\">\u00a0<\/span><b style=\"font-family: &quot;IBM Plex Serif&quot;, serif; font-size: 22px; white-space-collapse: collapse; color: initial; box-sizing: border-box; margin: 0px; padding: 0px;\">Roque Espaillat<\/b><span style=\"font-family: &quot;IBM Plex Serif&quot;, serif; font-size: 22px; white-space-collapse: collapse; color: initial;\">, fue liberado luego de ser detenido durante un recorrido en los alrededores del r\u00edo Masacre, ubicado en la provincia<\/span><span style=\"font-family: &quot;IBM Plex Serif&quot;, serif; font-size: 22px; white-space-collapse: collapse; color: initial;\">\u00a0<\/span><b style=\"font-family: &quot;IBM Plex Serif&quot;, serif; font-size: 22px; white-space-collapse: collapse; color: initial; box-sizing: border-box; margin: 0px; padding: 0px;\">Dajab\u00f3n<\/b><span style=\"font-family: &quot;IBM Plex Serif&quot;, serif; font-size: 22px; white-space-collapse: collapse; color: initial;\">.<\/span><p class=\"st-inarticle-paragraph\" style=\"box-sizing: border-box; font-family: &quot;IBM Plex Serif&quot;, serif; font-size: 22px; font-stretch: normal; line-height: 32px; white-space-collapse: collapse; margin: 0px !important; padding: 0px !important; text-align: initial !important; clear: both !important;\"><\/p><div class=\"st-placement standard_2 inArticle\" id=\"standard_2\" style=\"direction: ltr; all: initial !important;\"><\/div><p style=\"box-sizing: border-box; margin: 0px 0px 20px; padding: 0px; font-family: &quot;IBM Plex Serif&quot;, serif; font-size: 22px; font-stretch: normal; line-height: 32px; white-space-collapse: collapse;\">Seg\u00fan lo explicado por una fuente a LIST\u00cdN DIARIO, Espaillat fue detenido por cruzar el punto de seguridad del\u00a0<b style=\"box-sizing: border-box; margin: 0px; padding: 0px;\">canal de La Vig\u00eda<\/b>\u00a0a pesar de que los miembros del Ej\u00e9rcito ya la hab\u00edan advertido que no pod\u00eda atravesar ese puesto.<\/p><p style=\"box-sizing: border-box; margin: 0px 0px 20px; padding: 0px; font-family: &quot;IBM Plex Serif&quot;, serif; font-size: 22px; font-stretch: normal; line-height: 32px; white-space-collapse: collapse;\">La fuente se\u00f1al\u00f3 que Espaillat fue trasladado al puesto de la<b style=\"box-sizing: border-box; margin: 0px; padding: 0px;\">\u00a0Polic\u00eda Nacional de Dajab\u00f3n,<\/b>\u00a0desde donde fue liberado.<\/p><div class=\"c-add\" id=\"div-gpt-ad-1682694769489-0\" width=\"300\" height=\"600\" data-google-query-id=\"COinurmpwIUDFYU-igMdxMkLJw\" style=\"box-sizing: border-box; margin: 0px auto 20px; padding: 0px; text-align: center; font-family: &quot;IBM Plex Sans&quot;, sans-serif; white-space-collapse: collapse;\"><div id=\"google_ads_iframe_\/1018679\/LD_Home_Mobile_Article\/LD_Mobile_Article_2_0__container__\" style=\"box-sizing: border-box; margin: 0px; padding: 0px; border: 0pt none;\"><\/div><\/div><p style=\"box-sizing: border-box; margin: 0px 0px 20px; padding: 0px; font-family: &quot;IBM Plex Serif&quot;, serif; font-size: 22px; font-stretch: normal; line-height: 32px; white-space-collapse: collapse;\">La denuncia de su detenci\u00f3n fue hecha por el coordinador de la campa\u00f1a pol\u00edtica del PED,\u00a0<b style=\"box-sizing: border-box; margin: 0px; padding: 0px;\">Melvin Ma\u00f1\u00f3n<\/b>, quien calific\u00f3 de\u00a0<b style=\"box-sizing: border-box; margin: 0px; padding: 0px;\">abuso<\/b>\u00a0el apresamiento de su l\u00edder pol\u00edtico, conocido por el apodo de \u201c<b style=\"box-sizing: border-box; margin: 0px; padding: 0px;\">El Cobrador<\/b>\u201d.\u00a0<\/p><\/p>\n","protected":false},"excerpt":{"rendered":"<p>Espaillat fue detenido por cruzar el punto de seguridad del canal de La Vig\u00eda Santo<\/p>\n","protected":false},"author":1,"featured_media":4345,"comment_status":"open","ping_status":"open","sticky":false,"template":"","format":"standard","meta":{"footnotes":""},"categories":[12],"tags":[],"class_list":["post-4344","post","type-post","status-publish","format-standard","has-post-thumbnail","hentry","category-nacionales"],"_links":{"self":[{"href":"https:\/\/samantharadionline.com\/index.php\/wp-json\/wp\/v2\/posts\/4344","targetHints":{"allow":["GET"]}}],"collection":[{"href":"https:\/\/samantharadionline.com\/index.php\/wp-json\/wp\/v2\/posts"}],"about":[{"href":"https:\/\/samantharadionline.com\/index.php\/wp-json\/wp\/v2\/types\/post"}],"author":[{"embeddable":true,"href":"https:\/\/samantharadionline.com\/index.php\/wp-json\/wp\/v2\/users\/1"}],"replies":[{"embeddable":true,"href":"https:\/\/samantharadionline.com\/index.php\/wp-json\/wp\/v2\/comments?post=4344"}],"version-history":[{"count":1,"href":"https:\/\/samantharadionline.com\/index.php\/wp-json\/wp\/v2\/posts\/4344\/revisions"}],"predecessor-version":[{"id":4346,"href":"https:\/\/samantharadionline.com\/index.php\/wp-json\/wp\/v2\/posts\/4344\/revisions\/4346"}],"wp:featuredmedia":[{"embeddable":true,"href":"https:\/\/samantharadionline.com\/index.php\/wp-json\/wp\/v2\/media\/4345"}],"wp:attachment":[{"href":"https:\/\/samantharadionline.com\/index.php\/wp-json\/wp\/v2\/media?parent=4344"}],"wp:term":[{"taxonomy":"category","embeddable":true,"href":"https:\/\/samantharadionline.com\/index.php\/wp-json\/wp\/v2\/categories?post=4344"},{"taxonomy":"post_tag","embeddable":true,"href":"https:\/\/samantharadionline.com\/index.php\/wp-json\/wp\/v2\/tags?post=4344"}],"curies":[{"name":"wp","href":"https:\/\/api.w.org\/{rel}","templated":true}]}}