{"id":4305,"date":"2024-04-13T05:47:45","date_gmt":"2024-04-13T03:47:45","guid":{"rendered":"https:\/\/samantharadionline.com\/?p=4305"},"modified":"2024-04-13T05:47:46","modified_gmt":"2024-04-13T03:47:46","slug":"sin-cambio-de-apariencia","status":"publish","type":"post","link":"https:\/\/samantharadionline.com\/index.php\/2024\/04\/13\/sin-cambio-de-apariencia\/","title":{"rendered":"Sin cambio de apariencia"},"content":{"rendered":"\n<p class=\"has-medium-font-size\"><em>Elvis Mart\u00ednez, El Mayor Cl\u00e1sico, Music\u00f3logo, Omega, entre otros han apostado por cambiar su imagen en los \u00faltimos a\u00f1os\u00a0<\/em><\/p>\n\n\n\n<p>En el mundo del&nbsp;<strong>entretenimiento&nbsp;<\/strong>la imagen es un factor importante no solo para las mujeres sino tambi\u00e9n para los hombres, quienes apuestan por redefinir su apariencia ya sea con un&nbsp;<strong>cambio de imagen o entrando al quir\u00f3fano.<\/strong><\/p>\n\n\n\n<p>Un ejemplo es el bachatero&nbsp;<strong>Elvis Mart\u00ednez<\/strong>, quien sorprendi\u00f3 al cambiar su imagen con la que ten\u00eda acostumbrado a sus seguidores desde hace unos a\u00f1os.<\/p>\n\n\n\n<p>El \u201ccamar\u00f3n\u201d opt\u00f3 por cortarse el pelo y dejarse crecer la barba, un cambio que ha sido aplaudido entre sus fan\u00e1ticos.<\/p>\n\n\n\n<p>En cambio,&nbsp;<strong>Omega \u201cEl Fuerte<\/strong>\u201d, apost\u00f3 por algo permanente y es que el merenguero opt\u00f3 por d<strong>espigmentaci\u00f3n del iris<\/strong>&nbsp;con l\u00e1ser (aclararse el color de los ojos).<\/p>\n\n\n\n<p>Antonio Peter de la Rosa explic\u00f3 en una entrevista con Santiago Mat\u00edas que estuvo investigando unos ocho a\u00f1os antes de realizarse el proceso en Espa\u00f1a y gast\u00f3 unos&nbsp;<strong>15 mil euros<\/strong>.<\/p>\n\n\n\n<p>Hace dos a\u00f1os, el artista urbano&nbsp;<strong>El Mayor Cl\u00e1sico<\/strong>&nbsp;se someti\u00f3 a un procedimiento quir\u00fargico conocido como &#8216;<strong>Spartan Body<\/strong>&#8216;, que consiste en destacar o definir el grupo muscular del abdomen anterior, la espalda y los brazos.<\/p>\n\n\n\n<p>El exponente urbano llevaba a\u00f1os lidiando con el sobrepeso y, pese a hacer todo lo posible para disimularlo, ya estaba afectando su salud y carrera art\u00edstica.<\/p>\n\n\n\n<p>\u201c<strong>Yo vivo de mi imagen, las marcas me solicitan y tambi\u00e9n soy actor<\/strong>, entend\u00eda que ten\u00eda que hacerlo. Ya era momento, no solo por un tema est\u00e9tico, sino por mi salud\u201d, asegur\u00f3 el cantante en un comunicado de prensa, agregando que debido al sobrepeso no ten\u00eda el mismo rendimiento f\u00edsico que antes sobre el escenario.<\/p>\n\n\n\n<p>Igualmente, el locutor&nbsp;<strong>Mariachi Budda<\/strong>&nbsp;se realiz\u00f3 una marcaci\u00f3n abdominal.<\/p>\n\n\n\n<p>Mientras que su colega,&nbsp;<strong>Music\u00f3logo&nbsp;<\/strong>eligi\u00f3 llevar una vida saludable en alimentaci\u00f3n y haciendo ejercicios logrando un cambio notable en su imagen que lo llev\u00f3 a perder varias libras.<\/p>\n\n\n\n<p>Hace unos a\u00f1os en entrevista con Luinny Corpor\u00e1n, el rapero dijo que para tener \u201ccuadritos\u201d invirti\u00f3 unos&nbsp;<strong>150 mil d\u00f3lares.<\/strong><\/p>\n\n\n\n<p>\u201c\u00bfT\u00fa sabes cu\u00e1nto yo tengo invertido en el est\u00f3mago? Son como 150 mil d\u00f3lares y nada m\u00e1s lo he comprado en vegetales y salm\u00f3n\u201d, coment\u00f3.<\/p>\n","protected":false},"excerpt":{"rendered":"<p>Elvis Mart\u00ednez, El Mayor Cl\u00e1sico, Music\u00f3logo, Omega, entre otros han apostado por cambiar su imagen<\/p>\n","protected":false},"author":1,"featured_media":4306,"comment_status":"open","ping_status":"open","sticky":false,"template":"","format":"standard","meta":{"footnotes":""},"categories":[11],"tags":[],"class_list":["post-4305","post","type-post","status-publish","format-standard","has-post-thumbnail","hentry","category-entretenimiento"],"_links":{"self":[{"href":"https:\/\/samantharadionline.com\/index.php\/wp-json\/wp\/v2\/posts\/4305","targetHints":{"allow":["GET"]}}],"collection":[{"href":"https:\/\/samantharadionline.com\/index.php\/wp-json\/wp\/v2\/posts"}],"about":[{"href":"https:\/\/samantharadionline.com\/index.php\/wp-json\/wp\/v2\/types\/post"}],"author":[{"embeddable":true,"href":"https:\/\/samantharadionline.com\/index.php\/wp-json\/wp\/v2\/users\/1"}],"replies":[{"embeddable":true,"href":"https:\/\/samantharadionline.com\/index.php\/wp-json\/wp\/v2\/comments?post=4305"}],"version-history":[{"count":1,"href":"https:\/\/samantharadionline.com\/index.php\/wp-json\/wp\/v2\/posts\/4305\/revisions"}],"predecessor-version":[{"id":4307,"href":"https:\/\/samantharadionline.com\/index.php\/wp-json\/wp\/v2\/posts\/4305\/revisions\/4307"}],"wp:featuredmedia":[{"embeddable":true,"href":"https:\/\/samantharadionline.com\/index.php\/wp-json\/wp\/v2\/media\/4306"}],"wp:attachment":[{"href":"https:\/\/samantharadionline.com\/index.php\/wp-json\/wp\/v2\/media?parent=4305"}],"wp:term":[{"taxonomy":"category","embeddable":true,"href":"https:\/\/samantharadionline.com\/index.php\/wp-json\/wp\/v2\/categories?post=4305"},{"taxonomy":"post_tag","embeddable":true,"href":"https:\/\/samantharadionline.com\/index.php\/wp-json\/wp\/v2\/tags?post=4305"}],"curies":[{"name":"wp","href":"https:\/\/api.w.org\/{rel}","templated":true}]}}