{"id":4298,"date":"2024-04-13T05:42:34","date_gmt":"2024-04-13T03:42:34","guid":{"rendered":"https:\/\/samantharadionline.com\/?p=4298"},"modified":"2024-04-13T05:42:35","modified_gmt":"2024-04-13T03:42:35","slug":"puerto-principe-es-inhabitable-dicen-los-propios-haitianos","status":"publish","type":"post","link":"https:\/\/samantharadionline.com\/index.php\/2024\/04\/13\/puerto-principe-es-inhabitable-dicen-los-propios-haitianos\/","title":{"rendered":"\u201cPuerto Pr\u00edncipe es inhabitable\u201d dicen los propios haitianos"},"content":{"rendered":"\n<p class=\"has-medium-font-size\">Desde finales de febrero, poderosas pandillas se aliaron para atacar puntos estrat\u00e9gicos de Puerto Pr\u00edncipe (comisar\u00edas, c\u00e1rceles, ministerios, aeropuerto y puerto, etc.), en un pulso contra el primer ministro Ariel Henry.<\/p>\n\n\n\n<p>AGENCIA AFP, <strong>Puerto Pr\u00edncipe, Hait\u00ed<\/strong><\/p>\n\n\n\n<p>Jameson Jacques vive en un refugio improvisado con sus tres hijos desde que pandilleros incendiaron su casa, matando a sus padres. Como \u00e9l, numerosos habitantes de Puerto Pr\u00edncipe sufren una pesadilla diaria, un mes despu\u00e9s del anuncio de la creaci\u00f3n de autoridades de transici\u00f3n cuya investidura no se concreta.<\/p>\n\n\n\n<p>\u00abPuerto Pr\u00edncipe se ha vuelto inhabitable\u00bb, dice este treinta\u00f1ero desde el centro de la capital de Hait\u00ed. \u00abSi tuviera dinero, ya me habr\u00eda ido a una ciudad de provincia con mis tres ni\u00f1os\u00bb.<\/p>\n\n\n\n<p>El pa\u00eds caribe\u00f1o, afectado por d\u00e9cadas de inestabilidad pol\u00edtica y una pobreza muy extendida, padece una nueva ola de violencia.<\/p>\n\n\n\n<p>Desde finales de febrero, poderosas pandillas se aliaron para atacar puntos estrat\u00e9gicos de Puerto Pr\u00edncipe (comisar\u00edas, c\u00e1rceles, ministerios, aeropuerto y puerto, etc.), en un pulso contra el primer ministro Ariel Henry.<\/p>\n\n\n\n<p>El dirigente, cuestionado por el aumento de la violencia y por gobernar sin haberse sometido a una votaci\u00f3n popular, anunci\u00f3 el 11 de marzo que iba a dimitir para ceder el testigo a un consejo presidencial de transici\u00f3n.<\/p>\n\n\n\n<p>Pero en un pa\u00eds que no celebra elecciones desde 2016, la transici\u00f3n pol\u00edtica se ha visto retrasada una y otra vez por desacuerdos entre los candidatos para ese consejo y desavenencias con el Gobierno saliente de Henry.<\/p>\n\n\n\n<p><strong>&#8211; Huir de la violencia &#8211;<\/strong><\/p>\n\n\n\n<p>La poblaci\u00f3n, entre tanto, tiene que lidiar con las consecuencias del dominio de las pandillas, que ocupan m\u00e1s del 80% de la capital.<\/p>\n\n\n\n<p>\u00abEstoy viviendo una pesadilla. Desde hace semanas no puedo ir al centro de la ciudad\u00bb, lamenta Junior Fontus, un vendedor de bebidas que tuvo que instalarse en el edificio del Ministerio de Educaci\u00f3n, convertido en un refugio para acoger a desplazados internos como \u00e9l.<\/p>\n\n\n\n<p>\u00abSin mi comercio, \u00bfc\u00f3mo voy a poder alimentar a mis cinco hijos y pagar sus gastos de escolarizaci\u00f3n?\u00bb, se pregunta.<\/p>\n\n\n\n<p>En marzo la violencia pandillera llev\u00f3 a m\u00e1s de 53,000 personas a huir de Puerto Pr\u00edncipe.<\/p>\n\n\n\n<p>\u00abAntes dec\u00eda que no iba a abandonar el pa\u00eds. Aconsejaba a los j\u00f3venes que no se fueran, que era mejor juntar nuestros ahorros para lanzar un negocio\u00bb, recuerda Charles Jean Wilderson, un empresario de 38 a\u00f1os.<\/p>\n\n\n\n<p>\u00abPero ahora, cuando hay un secuestro y que una pandilla lo reivindica, ya no se puede aconsejar a los j\u00f3venes que se queden. Un joven que se marcha ahora tiene raz\u00f3n\u00bb, asegura.<\/p>\n\n\n\n<p><strong>&#8211; Par\u00e1lisis \u2013<\/strong><\/p>\n\n\n\n<p>En Puerto Pr\u00edncipe, impera la ley de las bandas criminales, y la polic\u00eda intenta a duras penas defenderse frente a enemigos mejor armados y con numerosos miembros.<\/p>\n\n\n\n<p>La violencia, de la que se hab\u00edan librado algunos barrios, como el acomodado P\u00e9tion-Ville, se ha extendido a casi toda el \u00e1rea metropolitana de la ciudad. Una situaci\u00f3n \u00abcatastr\u00f3fica\u00bb, seg\u00fan la ONU, que inform\u00f3 de 1,554 muertos y 826 heridos en los tres primeros meses de 2024 en Hait\u00ed.<\/p>\n\n\n\n<p>\u00abNunca he vivido nada igual. Est\u00e1bamos acostumbrados a situaciones complicadas, (pero) esta vez es peor\u00bb, dice Samson Dorsena, un artesano de la capital. \u00abLa inseguridad frena nuestras actividades (\u2026) No he vendido nada. No hay clientes. La gente tiene medio a salir\u00bb.<\/p>\n\n\n\n<p>Hait\u00ed, devastado en 2010 por un terremoto que caus\u00f3 m\u00e1s de 220,000 muertos, depende en gran parte de la importaci\u00f3n de bienes y la ayuda humanitaria para sobrevivir.<\/p>\n\n\n\n<p>Pero las pandillas paralizaron el aeropuerto y el puerto en las \u00faltimas semanas, causando escasez de alimentos, medicamentos y productos de primera necesidad.<\/p>\n\n\n\n<p>En esas condiciones, los servicios de salud est\u00e1n al borde del colapso y los pocos hospitales que a\u00fan funcionan se ven desbordados.<\/p>\n\n\n\n<p>Entre el 29 de febrero y el 9 de abril, el capitalino Hospital Universitario de la Paz ingres\u00f3 a 194 heridos de bala, seg\u00fan el responsable del establecimiento, Paul Junior Fontilus.<\/p>\n\n\n\n<p>\u00abEs muy dif\u00edcil conseguir carburante y ox\u00edgeno para cuidar a nuestros pacientes. Gracias a las ayudas de algunos socios, conseguimos seguir adelante, pero no s\u00e9 por cu\u00e1nto tiempo\u00bb, explica el doctor, que tambi\u00e9n alerta sobre una penuria de bolsas de sangre.<\/p>\n\n\n\n<p>Cinco millones de personas, casi la mitad de la poblaci\u00f3n de Hait\u00ed, est\u00e1 en situaci\u00f3n de \u00abinseguridad alimentaria aguda\u00bb, seg\u00fan un informe de expertos internacionales.<\/p>\n\n\n\n<p>En un acuerdo pol\u00edtico alcanzado por sus futuros miembros, el consejo presidencial de transici\u00f3n estableci\u00f3 entre sus prioridades \u00abrestablecer las condiciones de seguridad p\u00fablica\u00bb o \u00abtomar medidas excepcionales para reactivar la econom\u00eda, mejorar la oferta de servicios b\u00e1sicos y combatir la inseguridad alimentaria\u00bb. Pero primero tendr\u00e1 que asumir el poder, como se anunci\u00f3 hace un mes.&nbsp;<\/p>\n","protected":false},"excerpt":{"rendered":"<p>Desde finales de febrero, poderosas pandillas se aliaron para atacar puntos estrat\u00e9gicos de Puerto Pr\u00edncipe<\/p>\n","protected":false},"author":1,"featured_media":4299,"comment_status":"open","ping_status":"open","sticky":false,"template":"","format":"standard","meta":{"footnotes":""},"categories":[4],"tags":[],"class_list":["post-4298","post","type-post","status-publish","format-standard","has-post-thumbnail","hentry","category-mundiales"],"_links":{"self":[{"href":"https:\/\/samantharadionline.com\/index.php\/wp-json\/wp\/v2\/posts\/4298","targetHints":{"allow":["GET"]}}],"collection":[{"href":"https:\/\/samantharadionline.com\/index.php\/wp-json\/wp\/v2\/posts"}],"about":[{"href":"https:\/\/samantharadionline.com\/index.php\/wp-json\/wp\/v2\/types\/post"}],"author":[{"embeddable":true,"href":"https:\/\/samantharadionline.com\/index.php\/wp-json\/wp\/v2\/users\/1"}],"replies":[{"embeddable":true,"href":"https:\/\/samantharadionline.com\/index.php\/wp-json\/wp\/v2\/comments?post=4298"}],"version-history":[{"count":1,"href":"https:\/\/samantharadionline.com\/index.php\/wp-json\/wp\/v2\/posts\/4298\/revisions"}],"predecessor-version":[{"id":4300,"href":"https:\/\/samantharadionline.com\/index.php\/wp-json\/wp\/v2\/posts\/4298\/revisions\/4300"}],"wp:featuredmedia":[{"embeddable":true,"href":"https:\/\/samantharadionline.com\/index.php\/wp-json\/wp\/v2\/media\/4299"}],"wp:attachment":[{"href":"https:\/\/samantharadionline.com\/index.php\/wp-json\/wp\/v2\/media?parent=4298"}],"wp:term":[{"taxonomy":"category","embeddable":true,"href":"https:\/\/samantharadionline.com\/index.php\/wp-json\/wp\/v2\/categories?post=4298"},{"taxonomy":"post_tag","embeddable":true,"href":"https:\/\/samantharadionline.com\/index.php\/wp-json\/wp\/v2\/tags?post=4298"}],"curies":[{"name":"wp","href":"https:\/\/api.w.org\/{rel}","templated":true}]}}