{"id":4124,"date":"2024-04-08T18:19:53","date_gmt":"2024-04-08T16:19:53","guid":{"rendered":"https:\/\/samantharadionline.com\/?p=4124"},"modified":"2024-04-08T18:19:54","modified_gmt":"2024-04-08T16:19:54","slug":"c-d-l-convoca-al-premio-nacional-del-locutor-2024-dedicado-este-ano-al-destacado-locutor-rafy-miliano","status":"publish","type":"post","link":"https:\/\/samantharadionline.com\/index.php\/2024\/04\/08\/c-d-l-convoca-al-premio-nacional-del-locutor-2024-dedicado-este-ano-al-destacado-locutor-rafy-miliano\/","title":{"rendered":"C D L convoca al Premio Nacional del Locutor 2024 dedicado este a\u00f1o al destacado locutor Rafy Miliano.\u00a0"},"content":{"rendered":"\n<p class=\"has-medium-font-size\">El Gran Premio Nacional del Locutor 2024 en su 10ma. Edici\u00f3n ser\u00e1 Domingo Bautista.<\/p>\n\n\n\n<p><strong>Santo Domingo, RD<\/strong>.<\/p>\n\n\n\n<p>Como cada a\u00f1o, el Colegio Dominicano de Locutores (CDL), convoc\u00f3 este jueves a su 10ma. Edici\u00f3n del Premio Nacional del Locutor, a celebrarse el pr\u00f3ximo 18 de abril, en ocasi\u00f3n al D\u00eda Nacional del Locutor y est\u00e1 dedicada al destacado locutor Rafy Miliano.<\/p>\n\n\n\n<p>Con ese objetivo, la directiva del gremio que agrupa a los profesionales del micr\u00f3fono, encabezada por su presidente nacional, Tony Luna, design\u00f3 una comisi\u00f3n dirigida por el locutor Nelson Guti\u00e9rrez, presidente advitam, como coordinador general de la premiaci\u00f3n.<\/p>\n\n\n\n<p>La premiaci\u00f3n ser\u00e1 transmitida por televisi\u00f3n, radio y varias plataformas digitales, en la Rep\u00fablica Dominicana y el exterior, en la cual ser\u00e1n reconocidos quince renglones, entre ellos locutor musical, deportivo, de noticias, y reconocimientos especiales, la entrega del m\u00e1ximo galard\u00f3n, as\u00ed como reconocimientos a filiales en las diferentes provincias del pa\u00eds.<\/p>\n\n\n\n<p>Luna anunci\u00f3 \u201cEl Gran Premio Nacional del Locutor\u201d m\u00e1ximo galard\u00f3n que reconoce la trayectoria de por vida y la excelencia profesional de los locutores dominicanos, lo ser\u00e1 Domingo Bautista, por lo que se destaca como la m\u00e1s importante estatuilla que se entregar\u00e1 esa noche.<\/p>\n\n\n\n<p>Las categor\u00edas a participar son locutor de programa de merengue, bachata, salsa, emisora cultural, m\u00fasica tropical, urbana, baladas, religiosa, narrador deportivo, comentarista deportivo, noticias en radio y televisi\u00f3n.<\/p>\n\n\n\n<p>Adem\u00e1s, ser\u00e1n premiados locutor presentador de televisi\u00f3n, maestro de ceremonias, cronista de arte, plataformas digitales y reconocimientos especiales para las regiones Sur, Norte, Nordeste y Este.<\/p>\n\n\n\n<p>Para la entrega del premio, se estableci\u00f3 un jurado general, integrado por los miembros de la directiva nacional y un gran jurado conformado por locutores de reconocida solvencia moral y profesional; el jurado tendr\u00e1 la facultad de proponer nominados y ganadores.<\/p>\n\n\n\n<p>Tony Luna, dijo que, desde el 18 de marzo, el Colegio Dominicano de Locutores est\u00e1 recibiendo los nombres para las pre-selecci\u00f3nes del trabajo que viene realizando dicho profesional del micr\u00f3fono, a los fines de que la comisi\u00f3n pueda evaluar al postulante.<\/p>\n\n\n\n<p>Dicho evento ser\u00e1 efectuado este jueves 18 de abril del presente a\u00f1o, a las 7 de la noche en el Sal\u00f3n Monina Sol\u00e1 del Centro Cultural Narciso Gonzalez, en el sector de Villa Juana, Distrito Nacional, capital de la Rep\u00fablica Dominicana.<\/p>\n","protected":false},"excerpt":{"rendered":"<p>El Gran Premio Nacional del Locutor 2024 en su 10ma. Edici\u00f3n ser\u00e1 Domingo Bautista. Santo<\/p>\n","protected":false},"author":1,"featured_media":4125,"comment_status":"open","ping_status":"open","sticky":false,"template":"","format":"standard","meta":{"footnotes":""},"categories":[11],"tags":[],"class_list":["post-4124","post","type-post","status-publish","format-standard","has-post-thumbnail","hentry","category-entretenimiento"],"_links":{"self":[{"href":"https:\/\/samantharadionline.com\/index.php\/wp-json\/wp\/v2\/posts\/4124","targetHints":{"allow":["GET"]}}],"collection":[{"href":"https:\/\/samantharadionline.com\/index.php\/wp-json\/wp\/v2\/posts"}],"about":[{"href":"https:\/\/samantharadionline.com\/index.php\/wp-json\/wp\/v2\/types\/post"}],"author":[{"embeddable":true,"href":"https:\/\/samantharadionline.com\/index.php\/wp-json\/wp\/v2\/users\/1"}],"replies":[{"embeddable":true,"href":"https:\/\/samantharadionline.com\/index.php\/wp-json\/wp\/v2\/comments?post=4124"}],"version-history":[{"count":1,"href":"https:\/\/samantharadionline.com\/index.php\/wp-json\/wp\/v2\/posts\/4124\/revisions"}],"predecessor-version":[{"id":4126,"href":"https:\/\/samantharadionline.com\/index.php\/wp-json\/wp\/v2\/posts\/4124\/revisions\/4126"}],"wp:featuredmedia":[{"embeddable":true,"href":"https:\/\/samantharadionline.com\/index.php\/wp-json\/wp\/v2\/media\/4125"}],"wp:attachment":[{"href":"https:\/\/samantharadionline.com\/index.php\/wp-json\/wp\/v2\/media?parent=4124"}],"wp:term":[{"taxonomy":"category","embeddable":true,"href":"https:\/\/samantharadionline.com\/index.php\/wp-json\/wp\/v2\/categories?post=4124"},{"taxonomy":"post_tag","embeddable":true,"href":"https:\/\/samantharadionline.com\/index.php\/wp-json\/wp\/v2\/tags?post=4124"}],"curies":[{"name":"wp","href":"https:\/\/api.w.org\/{rel}","templated":true}]}}