{"id":3852,"date":"2024-04-03T14:42:09","date_gmt":"2024-04-03T12:42:09","guid":{"rendered":"https:\/\/samantharadionline.com\/?p=3852"},"modified":"2024-04-03T14:59:17","modified_gmt":"2024-04-03T12:59:17","slug":"vuelve-a-reclamar-las-malvinas","status":"publish","type":"post","link":"https:\/\/samantharadionline.com\/index.php\/2024\/04\/03\/vuelve-a-reclamar-las-malvinas\/","title":{"rendered":"El presidente Javier Milei reitera el \u00abreclamo inclaudicable\u00bb de soberan\u00eda sobre las islas Malvinas"},"content":{"rendered":"\n<p>por: dw.com<\/p>\n\n\n\n<p>El presidente de Argentina, Javier Milei, reiter\u00f3 este martes (02.04.2024) el \u00abreclamo inclaudicable\u00bb de soberan\u00eda sobre las islas Malvinas y llam\u00f3 a la poblaci\u00f3n argentina a una \u00abreconciliaci\u00f3n\u00bb con las Fuerzas Armadas que -en 1982, durante la dictadura- declararon la guerra al Reino Unido por el control del archipi\u00e9lago del Atl\u00e1ntico sur.<\/p>\n\n\n\n<p><a href=\"https:\/\/account.microsoft.com\/privacy\/ad-settings\" target=\"_blank\" rel=\"noreferrer noopener\"><\/a>Frente al cenotafio emplazado en Buenos Aires que recuerda a 649 personas argentinas muertas en la guerra que declar\u00f3 al Reino Unido el gobierno de una sangrienta dictadura (1976-1983), Milei afirm\u00f3 que \u00abnadie escucha ni respeta a un pa\u00eds que s\u00f3lo produce pobreza y cuyos pol\u00edticos desprecian a sus propias Fuerzas\u00bb Armadas.<\/p>\n\n\n\n<p>\u00abNo existe soberan\u00eda sin prosperidad econ\u00f3mica ni prosperidad econ\u00f3mica sin libertad econ\u00f3mica\u00bb, dijo el mandatario que prometi\u00f3 impulsar desde su Gobierno \u00abun reclamo real y sincero (respecto a Malvinas), no meras palabras, en foros internacionales con nulo impacto en la realidad\u00bb.<\/p>\n\n\n\n<figure class=\"wp-block-embed is-type-video is-provider-youtube wp-block-embed-youtube wp-embed-aspect-16-9 wp-has-aspect-ratio\"><div class=\"wp-block-embed__wrapper\">\n<iframe loading=\"lazy\" title=\"ARGENTINA | Milei reclama la soberan\u00eda argentina de las Malvinas en el 42 aniversario de la guerra\" width=\"640\" height=\"360\" src=\"https:\/\/www.youtube.com\/embed\/P7z_SHGRr4I?feature=oembed\" frameborder=\"0\" allow=\"accelerometer; autoplay; clipboard-write; encrypted-media; gyroscope; picture-in-picture; web-share\" referrerpolicy=\"strict-origin-when-cross-origin\" allowfullscreen><\/iframe>\n<\/div><\/figure>\n\n\n\n<p>Rodeado por ministros, jefes militares y veteranos, Milei propuso \u00abun Estado restringido a sus funciones esenciales y libertad para producir, trabajar, comerciar y circular\u00bb, considerando indispensable la prosperidad econ\u00f3mica \u00abpara poder reclamar por su soberan\u00eda y ser respetada por otras naciones\u00bb.<\/p>\n\n\n\n<p>\u00abLa econom\u00eda por s\u00ed sola no alcanza, no hay soberan\u00eda ni respeto internacional por nuestros intereses si la dirigencia pol\u00edtica hace hasta lo imposible por ensuciar el nombre de nuestras Fuerzas Armadas\u00bb, agreg\u00f3 el presidente al culpar a la pol\u00edtica de \u00abhostigar y humillar\u00bb al Ej\u00e9rcito. \u00abEse tiempo se ha acabado, ustedes son orgullo para nuestra naci\u00f3n, tendr\u00e1n el respeto que les ha sido largamente negado\u00bb, a\u00f1adi\u00f3.<\/p>\n\n\n\n<p>\u00abNo quiero que el respeto a las Fuerzas Armadas y a los h\u00e9roes de Malvinas sea monopolio de un espacio pol\u00edtico\u00bb, continu\u00f3 el presidente y afirm\u00f3 que, \u00abpor eso, convoco al conjunto de la sociedad\u00bb a que \u00abinauguremos una nueva era de la reconciliaci\u00f3n\u00bb con el Ej\u00e9rcito, d\u00e1ndole a las \u00abFuerzas Armadas el lugar, el reconocimiento y el apoyo que se merecen\u00bb.<\/p>\n\n\n\n<p>El presidente no hizo menci\u00f3n alguna a la dictadura cuyos cr\u00edmenes a\u00fan ventila la justicia con m\u00e1s de 1.100 condenados en 317 sentencias y 62 procesos en marcha, entre ellos por abusos y torturas de militares argentinos a sus soldados durante la guerra en Malvinas, adem\u00e1s de unas 30.000 personas desaparecidas, seg\u00fan organismos de derechos humanos.<\/p>\n\n\n\n<p>Argentina reclama la soberan\u00eda sobre las islas Malvinas por v\u00edas diplom\u00e1ticas desde la guerra, que dur\u00f3 74 d\u00edas y termin\u00f3 con la rendici\u00f3n del pa\u00eds sudamericano, dejando un balance de 649 personas argentinas y 255 brit\u00e1nicas muertas.<\/p>\n","protected":false},"excerpt":{"rendered":"<p>por: dw.com El presidente de Argentina, Javier Milei, reiter\u00f3 este martes (02.04.2024) el \u00abreclamo inclaudicable\u00bb<\/p>\n","protected":false},"author":1,"featured_media":3853,"comment_status":"open","ping_status":"open","sticky":false,"template":"","format":"standard","meta":{"footnotes":""},"categories":[4],"tags":[],"class_list":["post-3852","post","type-post","status-publish","format-standard","has-post-thumbnail","hentry","category-mundiales"],"_links":{"self":[{"href":"https:\/\/samantharadionline.com\/index.php\/wp-json\/wp\/v2\/posts\/3852","targetHints":{"allow":["GET"]}}],"collection":[{"href":"https:\/\/samantharadionline.com\/index.php\/wp-json\/wp\/v2\/posts"}],"about":[{"href":"https:\/\/samantharadionline.com\/index.php\/wp-json\/wp\/v2\/types\/post"}],"author":[{"embeddable":true,"href":"https:\/\/samantharadionline.com\/index.php\/wp-json\/wp\/v2\/users\/1"}],"replies":[{"embeddable":true,"href":"https:\/\/samantharadionline.com\/index.php\/wp-json\/wp\/v2\/comments?post=3852"}],"version-history":[{"count":3,"href":"https:\/\/samantharadionline.com\/index.php\/wp-json\/wp\/v2\/posts\/3852\/revisions"}],"predecessor-version":[{"id":3857,"href":"https:\/\/samantharadionline.com\/index.php\/wp-json\/wp\/v2\/posts\/3852\/revisions\/3857"}],"wp:featuredmedia":[{"embeddable":true,"href":"https:\/\/samantharadionline.com\/index.php\/wp-json\/wp\/v2\/media\/3853"}],"wp:attachment":[{"href":"https:\/\/samantharadionline.com\/index.php\/wp-json\/wp\/v2\/media?parent=3852"}],"wp:term":[{"taxonomy":"category","embeddable":true,"href":"https:\/\/samantharadionline.com\/index.php\/wp-json\/wp\/v2\/categories?post=3852"},{"taxonomy":"post_tag","embeddable":true,"href":"https:\/\/samantharadionline.com\/index.php\/wp-json\/wp\/v2\/tags?post=3852"}],"curies":[{"name":"wp","href":"https:\/\/api.w.org\/{rel}","templated":true}]}}