{"id":3844,"date":"2024-04-03T14:06:26","date_gmt":"2024-04-03T12:06:26","guid":{"rendered":"https:\/\/samantharadionline.com\/?p=3844"},"modified":"2024-04-03T14:06:28","modified_gmt":"2024-04-03T12:06:28","slug":"isaura-taveras-me-nego-una-foto-eso-me-afecto-un-poco","status":"publish","type":"post","link":"https:\/\/samantharadionline.com\/index.php\/2024\/04\/03\/isaura-taveras-me-nego-una-foto-eso-me-afecto-un-poco\/","title":{"rendered":"Isaura Taveras me neg\u00f3 una foto, eso \u00abMe afect\u00f3 un poco\u00bb"},"content":{"rendered":"\n<p>La comunicadora aclar\u00f3 que actualmente ella e Isaura son \u00abpanitas\u00bb<\/p>\n\n\n\n<p>La comunicadora&nbsp;<strong>Karen Yapoort<\/strong>&nbsp;record\u00f3 el momento \u201camargo\u201d que le hizo pasar su colega&nbsp;<strong>Isaura Taveras<\/strong>&nbsp;cuando hace a\u00f1os le neg\u00f3 una fotograf\u00eda.<\/p>\n\n\n\n<p>En entrevista con el locutor Brea Frank, Yapoort cont\u00f3 que cuando ella trabajaba en&nbsp;<strong>\u201cLos Due\u00f1os del Circo\u201d&nbsp;<\/strong>se encontr\u00f3 con Taveras en el programa&nbsp;<strong>\u201cDivertido con Jochy<\/strong>\u201d y al momento de acerc\u00e1rsele para tomarse una foto con la comunicadora esta se neg\u00f3 rotundamente.<\/p>\n\n\n\n<p>\u201c<strong>Yo no ten\u00eda tanta madurez por as\u00ed decirlo y s\u00ed me afect\u00f3 un poco<\/strong>&nbsp;porque yo era una persona en ese momento que andaba buscando oportunidades y en ese entonces ella era de las grandes en la comunicaci\u00f3n y la televisi\u00f3n y t\u00fa como un talento nuevo buscando tu propio espacio y recibir un rechazo como lo recib\u00ed de ella\u201d, dijo la pelirroja.<\/p>\n\n\n\n<p>La esposa del expelotero Edwin Encarnaci\u00f3n aclar\u00f3 que actualmente ella e Isaura son \u201cpanitas\u201d pero expuso la ense\u00f1anza que le dej\u00f3 esa situaci\u00f3n.<\/p>\n\n\n\n<p>\u201c<strong>Esas son las cosas que hoy me recuerdan cu\u00e1les c\u00f3digos en la vida t\u00fa no puedes violar porque de repente las personas hoy est\u00e1n muy alto y ma\u00f1ana pueden estar muy bajo y quedarse detr\u00e1s<\/strong>\u201d, expres\u00f3.<\/p>\n\n\n\n<p>Por otra parte, la presentadora habl\u00f3 de su proyecto&nbsp;<strong>\u201cCasados en caos<\/strong>\u201d, con el cual gan\u00f3 un premio Soberano este a\u00f1o, y dijo que est\u00e1 preparando la segunda temporada del programa que conduce con Daniel Sarcos.&nbsp;&nbsp;<\/p>\n","protected":false},"excerpt":{"rendered":"<p>La comunicadora aclar\u00f3 que actualmente ella e Isaura son \u00abpanitas\u00bb La comunicadora&nbsp;Karen Yapoort&nbsp;record\u00f3 el momento<\/p>\n","protected":false},"author":1,"featured_media":3845,"comment_status":"open","ping_status":"open","sticky":false,"template":"","format":"standard","meta":{"footnotes":""},"categories":[11],"tags":[],"class_list":["post-3844","post","type-post","status-publish","format-standard","has-post-thumbnail","hentry","category-entretenimiento"],"_links":{"self":[{"href":"https:\/\/samantharadionline.com\/index.php\/wp-json\/wp\/v2\/posts\/3844","targetHints":{"allow":["GET"]}}],"collection":[{"href":"https:\/\/samantharadionline.com\/index.php\/wp-json\/wp\/v2\/posts"}],"about":[{"href":"https:\/\/samantharadionline.com\/index.php\/wp-json\/wp\/v2\/types\/post"}],"author":[{"embeddable":true,"href":"https:\/\/samantharadionline.com\/index.php\/wp-json\/wp\/v2\/users\/1"}],"replies":[{"embeddable":true,"href":"https:\/\/samantharadionline.com\/index.php\/wp-json\/wp\/v2\/comments?post=3844"}],"version-history":[{"count":1,"href":"https:\/\/samantharadionline.com\/index.php\/wp-json\/wp\/v2\/posts\/3844\/revisions"}],"predecessor-version":[{"id":3846,"href":"https:\/\/samantharadionline.com\/index.php\/wp-json\/wp\/v2\/posts\/3844\/revisions\/3846"}],"wp:featuredmedia":[{"embeddable":true,"href":"https:\/\/samantharadionline.com\/index.php\/wp-json\/wp\/v2\/media\/3845"}],"wp:attachment":[{"href":"https:\/\/samantharadionline.com\/index.php\/wp-json\/wp\/v2\/media?parent=3844"}],"wp:term":[{"taxonomy":"category","embeddable":true,"href":"https:\/\/samantharadionline.com\/index.php\/wp-json\/wp\/v2\/categories?post=3844"},{"taxonomy":"post_tag","embeddable":true,"href":"https:\/\/samantharadionline.com\/index.php\/wp-json\/wp\/v2\/tags?post=3844"}],"curies":[{"name":"wp","href":"https:\/\/api.w.org\/{rel}","templated":true}]}}