{"id":3841,"date":"2024-04-03T14:02:12","date_gmt":"2024-04-03T12:02:12","guid":{"rendered":"https:\/\/samantharadionline.com\/?p=3841"},"modified":"2024-04-03T14:02:14","modified_gmt":"2024-04-03T12:02:14","slug":"salio-de-republica-dominicana-y-fue-detenido-tras-aterrizar-en-madrid","status":"publish","type":"post","link":"https:\/\/samantharadionline.com\/index.php\/2024\/04\/03\/salio-de-republica-dominicana-y-fue-detenido-tras-aterrizar-en-madrid\/","title":{"rendered":"Sali\u00f3 de Rep\u00fablica Dominicana y fue detenido tras aterrizar en Madrid"},"content":{"rendered":"\n<p>Luis Rubiales ten\u00eda previsto volver a Espa\u00f1a desde Rep\u00fablica Dominicana este s\u00e1bado<\/p>\n\n\n\n<p><img decoding=\"async\" width=\"60px\" height=\"60px\" src=\"https:\/\/listindiario.com\/files\/image_60_60\/uploads\/2023\/05\/23\/646cd02f4f53e.jpeg\" alt=\"Avatar del Agencia EFE\"><em>\u00a0<\/em>AGENCIA EFE<\/p>\n\n\n\n<p><strong>Madrid, Espa\u00f1a<\/strong><\/p>\n\n\n\n<p>La Guardia Civil ha detenido al expresidente de la Real Federaci\u00f3n Espa\u00f1ola de F\u00fatbol (RFEF)\u00a0<strong>Luis Rubiales<\/strong>\u00a0nada m\u00e1s aterrizar en el aeropuerto Adolfo Su\u00e1rez Madrid-Barajas procedente de<strong>\u00a0Rep\u00fablica Dominicana<\/strong>, han informado a EFE fuentes pr\u00f3ximas al caso.<\/p>\n\n\n\n<p>Las fuentes han a\u00f1adido que los agentes de la Unidad Central Operativa (UCO) han practicado la detenci\u00f3n cuando arrib\u00f3 en la terminal 1 del aeropuerto, donde le esperaba una furgoneta del cuerpo en la que ha sido trasladado hasta las dependencias de la Guardia Civil en Barajas.<\/p>\n\n\n\n<p>El objeto de la detenci\u00f3n es&nbsp;<strong>leerle sus derechos, interrogarlo e intervenir sus dispositivos m\u00f3viles<\/strong>, de acuerdo con las mismas fuentes, que han precisado que posteriormente ser\u00e1 la juez de Majadahonda (Madrid) que investiga a Rubiales por presuntos delitos de corrupci\u00f3n quien decida cu\u00e1ndo le cita a declarar en sede judicial.<\/p>\n\n\n\n<p>Luis Rubiales&nbsp;<strong>ten\u00eda previsto volver a Espa\u00f1a desde Rep\u00fablica Dominicana&nbsp;<\/strong>este s\u00e1bado, si bien ha adelantado a este mi\u00e9rcoles su regreso a Espa\u00f1a precisamente un d\u00eda despu\u00e9s de que agentes de la UCO registraran su vivienda en el pa\u00eds caribe\u00f1o donde resid\u00eda desde hace unos meses.<\/p>\n\n\n\n<p>Con todo, fuentes de su defensa han a\u00f1adido a EFE que su regreso no se debe a que la magistrada le haya citado, sino a su voluntad de volver lo antes posible, y han apuntado a que todav\u00eda no tiene ninguna citaci\u00f3n en el juzgado.<\/p>\n\n\n\n<p>La jueza investiga contratos,&nbsp;<strong>posiblemente irregulares<\/strong>, de los \u00faltimos cinco a\u00f1os en la RFEF, en coincidencia con la etapa de Rubiales al frente de la entidad.<\/p>\n","protected":false},"excerpt":{"rendered":"<p>Luis Rubiales ten\u00eda previsto volver a Espa\u00f1a desde Rep\u00fablica Dominicana este s\u00e1bado \u00a0AGENCIA EFE Madrid,<\/p>\n","protected":false},"author":1,"featured_media":3842,"comment_status":"open","ping_status":"open","sticky":false,"template":"","format":"standard","meta":{"footnotes":""},"categories":[4],"tags":[],"class_list":["post-3841","post","type-post","status-publish","format-standard","has-post-thumbnail","hentry","category-mundiales"],"_links":{"self":[{"href":"https:\/\/samantharadionline.com\/index.php\/wp-json\/wp\/v2\/posts\/3841","targetHints":{"allow":["GET"]}}],"collection":[{"href":"https:\/\/samantharadionline.com\/index.php\/wp-json\/wp\/v2\/posts"}],"about":[{"href":"https:\/\/samantharadionline.com\/index.php\/wp-json\/wp\/v2\/types\/post"}],"author":[{"embeddable":true,"href":"https:\/\/samantharadionline.com\/index.php\/wp-json\/wp\/v2\/users\/1"}],"replies":[{"embeddable":true,"href":"https:\/\/samantharadionline.com\/index.php\/wp-json\/wp\/v2\/comments?post=3841"}],"version-history":[{"count":1,"href":"https:\/\/samantharadionline.com\/index.php\/wp-json\/wp\/v2\/posts\/3841\/revisions"}],"predecessor-version":[{"id":3843,"href":"https:\/\/samantharadionline.com\/index.php\/wp-json\/wp\/v2\/posts\/3841\/revisions\/3843"}],"wp:featuredmedia":[{"embeddable":true,"href":"https:\/\/samantharadionline.com\/index.php\/wp-json\/wp\/v2\/media\/3842"}],"wp:attachment":[{"href":"https:\/\/samantharadionline.com\/index.php\/wp-json\/wp\/v2\/media?parent=3841"}],"wp:term":[{"taxonomy":"category","embeddable":true,"href":"https:\/\/samantharadionline.com\/index.php\/wp-json\/wp\/v2\/categories?post=3841"},{"taxonomy":"post_tag","embeddable":true,"href":"https:\/\/samantharadionline.com\/index.php\/wp-json\/wp\/v2\/tags?post=3841"}],"curies":[{"name":"wp","href":"https:\/\/api.w.org\/{rel}","templated":true}]}}