{"id":3824,"date":"2024-04-03T05:43:31","date_gmt":"2024-04-03T03:43:31","guid":{"rendered":"https:\/\/samantharadionline.com\/?p=3824"},"modified":"2024-04-03T05:43:32","modified_gmt":"2024-04-03T03:43:32","slug":"otro-encuentro-en-plaza-publica-entre-bandas-y-policias-en-haiti","status":"publish","type":"post","link":"https:\/\/samantharadionline.com\/index.php\/2024\/04\/03\/otro-encuentro-en-plaza-publica-entre-bandas-y-policias-en-haiti\/","title":{"rendered":"Otro encuentro en plaza p\u00fablica entre bandas y polic\u00edas en Hait\u00ed"},"content":{"rendered":"\n<p>Los tiroteos entre los polic\u00edas y la coalici\u00f3n &#8216;Vivre Ensemble&#8217; (&#8216;Vivir Juntos&#8217;) paralizaron las actividades en la zona, seg\u00fan pudo comprobar EFE.<\/p>\n\n\n\n<p><img decoding=\"async\" width=\"60px\" height=\"60px\" src=\"https:\/\/listindiario.com\/files\/image_60_60\/uploads\/2023\/05\/23\/646cd02f4f53e.jpeg\" alt=\"Avatar del Agencia EFE\"><em>\u00a0<\/em>AGENCIA EFE<\/p>\n\n\n\n<p><strong>Puerto Pr\u00edncipe<\/strong><\/p>\n\n\n\n<p>Los enfrentamientos entre la Polic\u00eda Nacional Haitiana (PNH) y elementos de las bandas armadas continuaron este martes en Champs de Mars, la principal plaza p\u00fablica de Puerto Pr\u00edncipe, en cuyos alrededores se encuentra el Palacio Nacional.<\/p>\n\n\n\n<p>Los tiroteos entre los polic\u00edas y la coalici\u00f3n &#8216;Vivre Ensemble&#8217; (&#8216;Vivir Juntos&#8217;) paralizaron las actividades en la zona, seg\u00fan pudo comprobar EFE.<\/p>\n\n\n\n<p>Ya por la ma\u00f1ana, unidades policiales hab\u00edan pedido a los ciudadanos que desalojaran la zona de Champs de Mars para evitar v\u00edctimas en los enfrentamientos con las bandas. La prensa local informa de que al menos una persona ha muerto y varias han resultado heridas de bala.<\/p>\n\n\n\n<p>La Polic\u00eda Nacional asegur\u00f3 en su cuenta de Facebook que est\u00e1 decidida y comprometida a restablecer el orden p\u00fablico y la paz.<\/p>\n\n\n\n<p>\u00abLa Polic\u00eda Nacional Haitiana sigue luchando en todos los frentes contra los actos de bandidaje, prosiguiendo simult\u00e1neamente las operaciones e intervenciones policiales\u00bb, reza el mensaje.<\/p>\n\n\n\n<p>En varias zonas de Puerto Pr\u00edncipe, as\u00ed como en la Plaine du Cul-de-Sac, unidades especializadas de la PNH tratan de impedir que los grupos armados siembren el caos y el desorden entre la poblaci\u00f3n civil.<\/p>\n\n\n\n<p>El hospital p\u00fablico, bajo control de las bandas<\/p>\n\n\n\n<p>Los bandidos tienen desde ayer el control del hospital p\u00fablico de la capital, que utilizan como escondite para enfrentarse a las fuerzas del orden y desde donde intentaron asaltar el Palacio Nacional.<\/p>\n\n\n\n<p>Los polic\u00edas, sin embargo, repelieron el intento y lograron detener el incendio que iniciaron los grupos armados en la Biblioteca Nacional.<\/p>\n\n\n\n<p>Desde finales de febrero, en el \u00e1rea metropolitana de Puerto Pr\u00edncipe se ha desatado una ola de violencia sin precedentes, marcada por los ataques contra infraestructuras civiles, escuelas, universidades y edificios p\u00fablicos.<\/p>\n\n\n\n<p>La violencia armada que vive el \u00e1rea metropolitana est\u00e1 empujando a m\u00e1s de 53.000 personas a abandonar Puerto Pr\u00edncipe, seg\u00fan un informe hecho p\u00fablico hoy por la Oficina de las Naciones Unidas para las Migraciones (OIM).<\/p>\n\n\n\n<p>La agencia asegur\u00f3 que el 61 % de estos desplazados se dirigi\u00f3 al sur del pa\u00eds, con lo que se corre el riesgo de que aumente la inseguridad alimentaria en estas regiones si no se hace nada.<\/p>\n\n\n\n<p>Se necesitan medidas de emergencia<\/p>\n\n\n\n<p>Este martes, el Alto Comisionado de las Naciones Unidas para los Derechos Humanos, Volker T\u00fcrk, afirm\u00f3 que la poblaci\u00f3n haitiana no puede esperar m\u00e1s ante la escalada de la violencia armada, que tiene consecuencias devastadoras para sus vidas.<\/p>\n\n\n\n<p>El diplom\u00e1tico pidi\u00f3 que se tomen medidas de emergencia para \u00abrestablecer un cierto grado de orden p\u00fablico, con el fin de evitar que la violencia siga da\u00f1ando a la poblaci\u00f3n y garantizar el acceso a ayuda humanitaria vital\u00bb.<\/p>\n\n\n\n<p>\u00abEl pueblo haitiano espera ansiosamente el resultado de las conversaciones encaminadas a poner en marcha estos acuerdos de transici\u00f3n, que en \u00faltima instancia allanar\u00edan el camino para la celebraci\u00f3n de elecciones\u00bb, afirm\u00f3 el alto comisionado durante un informe por v\u00eddeo.<\/p>\n\n\n\n<p>T\u00fcrk se refer\u00eda a la estructuraci\u00f3n del Consejo Presidencial para la Transici\u00f3n en el pa\u00eds, impulsado por la Comunidad del Caribe (Caricom) y pa\u00edses como Estados Unidos, Canad\u00e1, M\u00e9xico y Brasil, con el prop\u00f3sito de sacar a Hait\u00ed de una situaci\u00f3n de inseguridad sin precedentes.<\/p>\n\n\n\n<p>El Consejo, sin embargo, no ha podido avanzar con la celeridad que demanda la situaci\u00f3n, en parte por las discusiones entre sus miembros sobre qui\u00e9n debe presidirlo y por asuntos de tipo jur\u00eddico, ya que esa figura no est\u00e1 contenida en la Constituci\u00f3n y las leyes haitianas, como explic\u00f3 ayer el Consejo de Ministros.<\/p>\n\n\n\n<p>El Gobierno haitiano sigue bajo las riendas de Ariel Henry, quien se encuentra en Estados Unidos, y que prometi\u00f3 renunciar tan pronto el Consejo Presidencial asuma sus funciones, entre las cuales est\u00e1n nombrar un primer ministro interino y crear las condiciones para la celebraci\u00f3n de elecciones generales.<\/p>\n","protected":false},"excerpt":{"rendered":"<p>Los tiroteos entre los polic\u00edas y la coalici\u00f3n &#8216;Vivre Ensemble&#8217; (&#8216;Vivir Juntos&#8217;) paralizaron las actividades<\/p>\n","protected":false},"author":1,"featured_media":3825,"comment_status":"open","ping_status":"open","sticky":false,"template":"","format":"standard","meta":{"footnotes":""},"categories":[4],"tags":[],"class_list":["post-3824","post","type-post","status-publish","format-standard","has-post-thumbnail","hentry","category-mundiales"],"_links":{"self":[{"href":"https:\/\/samantharadionline.com\/index.php\/wp-json\/wp\/v2\/posts\/3824","targetHints":{"allow":["GET"]}}],"collection":[{"href":"https:\/\/samantharadionline.com\/index.php\/wp-json\/wp\/v2\/posts"}],"about":[{"href":"https:\/\/samantharadionline.com\/index.php\/wp-json\/wp\/v2\/types\/post"}],"author":[{"embeddable":true,"href":"https:\/\/samantharadionline.com\/index.php\/wp-json\/wp\/v2\/users\/1"}],"replies":[{"embeddable":true,"href":"https:\/\/samantharadionline.com\/index.php\/wp-json\/wp\/v2\/comments?post=3824"}],"version-history":[{"count":1,"href":"https:\/\/samantharadionline.com\/index.php\/wp-json\/wp\/v2\/posts\/3824\/revisions"}],"predecessor-version":[{"id":3826,"href":"https:\/\/samantharadionline.com\/index.php\/wp-json\/wp\/v2\/posts\/3824\/revisions\/3826"}],"wp:featuredmedia":[{"embeddable":true,"href":"https:\/\/samantharadionline.com\/index.php\/wp-json\/wp\/v2\/media\/3825"}],"wp:attachment":[{"href":"https:\/\/samantharadionline.com\/index.php\/wp-json\/wp\/v2\/media?parent=3824"}],"wp:term":[{"taxonomy":"category","embeddable":true,"href":"https:\/\/samantharadionline.com\/index.php\/wp-json\/wp\/v2\/categories?post=3824"},{"taxonomy":"post_tag","embeddable":true,"href":"https:\/\/samantharadionline.com\/index.php\/wp-json\/wp\/v2\/tags?post=3824"}],"curies":[{"name":"wp","href":"https:\/\/api.w.org\/{rel}","templated":true}]}}