{"id":3568,"date":"2024-03-28T17:09:11","date_gmt":"2024-03-28T16:09:11","guid":{"rendered":"https:\/\/samantharadionline.com\/?p=3568"},"modified":"2024-03-28T17:09:12","modified_gmt":"2024-03-28T16:09:12","slug":"puerto-plata-prohibido-el-bano-en-todo-el-litoral","status":"publish","type":"post","link":"https:\/\/samantharadionline.com\/index.php\/2024\/03\/28\/puerto-plata-prohibido-el-bano-en-todo-el-litoral\/","title":{"rendered":"Puerto Plata prohibido el ba\u00f1o en todo el litoral"},"content":{"rendered":"\n<p>La decisi\u00f3n es una medida preventiva para garantizar vidas, seg\u00fan informa el organismo<\/p>\n\n\n\n<p><img decoding=\"async\" width=\"60px\" height=\"60px\" src=\"https:\/\/listindiario.com\/files\/image_60_60\/uploads\/2023\/04\/25\/64487894378a6.jpeg\" alt=\"Avatar del Edgar Lantigua\"><em>\u00a0<\/em>EDGAR LANTIGUA<\/p>\n\n\n\n<p><strong>Puerto Plata, RD<\/strong><\/p>\n\n\n\n<p>El&nbsp;<strong>Jueves Santo,<\/strong>&nbsp;fecha que marca el mayor incremento de visitantes en la Semana Santa, encuentra a&nbsp;<strong>Puerto Plata&nbsp;<\/strong>con fuertes oleajes, lo que provoc\u00f3 que se haya colocado la bandera roja, prohibiendo el ba\u00f1o en las playas del litoral.<\/p>\n\n\n\n<p>A trav\u00e9s de un comunicado, la&nbsp;<strong>Defensa Civil&nbsp;<\/strong>inform\u00f3 este jueves, que debido a las condiciones clim\u00e1ticas informadas por la&nbsp;<strong>Oficina Nacional de Meteorolog\u00eda (Onamet)<\/strong>&nbsp;y el fuerte oleaje en las playas de la costa, se proceder\u00eda a colocar la bandera roja.<\/p>\n\n\n\n<p>\u201cVisto el informe de la Oficina Nacional de Meteorolog\u00eda (Onamet) d\u00f3nde informan que por los efectos de un sistema de baja presi\u00f3n se podr\u00edan presentar oleajes y corrientes marinas anormales en la costa atl\u00e1ntica, por lo tanto se procede a coloca la Bandera Roja \ud83d\udfe5 en todas las playas del litoral costero de la Provincia de Puerto Plata\u201d, cita.<\/p>\n\n\n\n<p>La decisi\u00f3n es una medida preventiva para garantizar vidas, seg\u00fan informa el organismo.<\/p>\n\n\n\n<p>Se espera que las condiciones mejoren en las pr\u00f3ximas horas, en una semana en que se espera una gran afluencia de visitantes a hoteles y habitaciones de renta privada de la zona.<\/p>\n","protected":false},"excerpt":{"rendered":"<p>La decisi\u00f3n es una medida preventiva para garantizar vidas, seg\u00fan informa el organismo \u00a0EDGAR LANTIGUA<\/p>\n","protected":false},"author":1,"featured_media":3569,"comment_status":"open","ping_status":"open","sticky":false,"template":"","format":"standard","meta":{"footnotes":""},"categories":[12],"tags":[],"class_list":["post-3568","post","type-post","status-publish","format-standard","has-post-thumbnail","hentry","category-nacionales"],"_links":{"self":[{"href":"https:\/\/samantharadionline.com\/index.php\/wp-json\/wp\/v2\/posts\/3568","targetHints":{"allow":["GET"]}}],"collection":[{"href":"https:\/\/samantharadionline.com\/index.php\/wp-json\/wp\/v2\/posts"}],"about":[{"href":"https:\/\/samantharadionline.com\/index.php\/wp-json\/wp\/v2\/types\/post"}],"author":[{"embeddable":true,"href":"https:\/\/samantharadionline.com\/index.php\/wp-json\/wp\/v2\/users\/1"}],"replies":[{"embeddable":true,"href":"https:\/\/samantharadionline.com\/index.php\/wp-json\/wp\/v2\/comments?post=3568"}],"version-history":[{"count":1,"href":"https:\/\/samantharadionline.com\/index.php\/wp-json\/wp\/v2\/posts\/3568\/revisions"}],"predecessor-version":[{"id":3570,"href":"https:\/\/samantharadionline.com\/index.php\/wp-json\/wp\/v2\/posts\/3568\/revisions\/3570"}],"wp:featuredmedia":[{"embeddable":true,"href":"https:\/\/samantharadionline.com\/index.php\/wp-json\/wp\/v2\/media\/3569"}],"wp:attachment":[{"href":"https:\/\/samantharadionline.com\/index.php\/wp-json\/wp\/v2\/media?parent=3568"}],"wp:term":[{"taxonomy":"category","embeddable":true,"href":"https:\/\/samantharadionline.com\/index.php\/wp-json\/wp\/v2\/categories?post=3568"},{"taxonomy":"post_tag","embeddable":true,"href":"https:\/\/samantharadionline.com\/index.php\/wp-json\/wp\/v2\/tags?post=3568"}],"curies":[{"name":"wp","href":"https:\/\/api.w.org\/{rel}","templated":true}]}}