{"id":3456,"date":"2024-03-26T14:45:28","date_gmt":"2024-03-26T13:45:28","guid":{"rendered":"https:\/\/samantharadionline.com\/?p=3456"},"modified":"2024-03-26T14:45:29","modified_gmt":"2024-03-26T13:45:29","slug":"reclusos-traslados-al-pinito-de-la-vega","status":"publish","type":"post","link":"https:\/\/samantharadionline.com\/index.php\/2024\/03\/26\/reclusos-traslados-al-pinito-de-la-vega\/","title":{"rendered":"Reclusos traslados al Pinito de La Vega"},"content":{"rendered":"\n<p>Una fuente vinculada al sistema judicial revel\u00f3 a este medio que seg\u00fan los reclusos, son m\u00e1s de 13 los fallecidos durante el incendio aunque las autoridades sostengan esa cifra.<\/p>\n\n\n\n<p><strong>CARLA MORENO Santiago, RD<\/strong><\/p>\n\n\n\n<p>El acceso a los nombres de los 293 privados de libertad que fueron trasladados al Centro de Correcci\u00f3n y Rehabilitaci\u00f3n El Pinito, La Vega, luego del incendio que se produjo en la\u00a0<strong>Penitenciar\u00eda Nacional de\u00a0La Victoria<\/strong>, el pasado 18 de marzo.<\/p>\n\n\n\n<p>Una fuente vinculada al sistema judicial revel\u00f3 a este medio que seg\u00fan los reclusos, son m\u00e1s de 13 los fallecidos durante el incendio, aunque las autoridades sostengan esa cifra. De estos,&nbsp;<strong>solo 4 han sido identificados<\/strong>.<\/p>\n\n\n\n<p>Los reclusos que se encuentran en el Pinito La Vega, de acuerdo al&nbsp;<strong>listado vigente<\/strong>&nbsp;hasta el s\u00e1bado 23 de este mes son los siguientes:<\/p>\n\n\n\n<figure class=\"wp-block-image\" id=\"m89264-89263-89265\"><img decoding=\"async\" src=\"https:\/\/listindiario.com\/files\/vertical_main_image\/uploads\/2024\/03\/26\/6602c7170c137.jpeg\" alt=\"Listado de reclusos 1\"\/><figcaption class=\"wp-element-caption\">\u00a0<\/figcaption><\/figure>\n\n\n\n<figure class=\"wp-block-image\" id=\"m89276-89275-89277\"><img decoding=\"async\" src=\"https:\/\/listindiario.com\/files\/vertical_main_image\/uploads\/2024\/03\/26\/6602c72bf3ea3.jpeg\" alt=\"Listado de reclusos 2\"\/><figcaption class=\"wp-element-caption\">\u00a0<\/figcaption><\/figure>\n\n\n\n<figure class=\"wp-block-image\" id=\"m89288-89287-89289\"><img decoding=\"async\" src=\"https:\/\/listindiario.com\/files\/vertical_main_image\/uploads\/2024\/03\/26\/6602c74ce3c92.jpeg\" alt=\"Listado de reclusos 3\"\/><\/figure>\n\n\n\n<figure class=\"wp-block-image\" id=\"m89300-89299-89301\"><img decoding=\"async\" src=\"https:\/\/listindiario.com\/files\/vertical_main_image\/uploads\/2024\/03\/26\/6602c796ee0a8.jpeg\" alt=\"Listado de reclusos 4\"\/><\/figure>\n\n\n\n<figure class=\"wp-block-image\" id=\"m89312-89311-89313\"><img decoding=\"async\" src=\"https:\/\/listindiario.com\/files\/vertical_main_image\/uploads\/2024\/03\/26\/6602c80c89031.jpeg\" alt=\"Listado de reclusos 5\"\/><\/figure>\n\n\n\n<figure class=\"wp-block-image\" id=\"m89324-89323-89325\"><img decoding=\"async\" src=\"https:\/\/listindiario.com\/files\/vertical_main_image\/uploads\/2024\/03\/26\/6602cbaa404aa.jpeg\" alt=\"Lista de reclusos de La Victoria enviados a La Vega\"\/><\/figure>\n\n\n\n<figure class=\"wp-block-image\" id=\"m89336-89335-89337\"><img decoding=\"async\" src=\"https:\/\/listindiario.com\/files\/vertical_main_image\/uploads\/2024\/03\/26\/6602c826de3de.jpeg\" alt=\"Listado de reclusos 6\"\/><\/figure>\n\n\n\n<p>Los familiares de los privados de libertad, se han presentado en las diferentes c\u00e1rceles y centros de rehabilitaci\u00f3n del pa\u00eds en busca de informaci\u00f3n sobre sus parientes, mientras que las autoridades se encuentran realizando una investigaci\u00f3n para determinar la cantidad exacta de los reclusos que perdieron la vida.<\/p>\n\n\n\n<p><strong>DELITOS<\/strong><\/p>\n\n\n\n<p>Entre los delitos de los reclusos que se encuentran condenados en la c\u00e1rcel de La Victoria est\u00e1n&nbsp;<strong>homicidio, violaci\u00f3n y violencia de g\u00e9nero<\/strong>.<\/p>\n\n\n\n<p>Cristian Soto Tav\u00e1rez, fue declarado culpable el 26 de abril de 2021, mediante la sentencia n\u00famero 1511-2021-SSEN-00125, por violar de los art\u00edculos 309-1, 309-2 y 309-3 del C\u00f3digo Penal dominicano, en perjuicio de dos f\u00e9minas, entre ellas una menor de edad y fue condenado a 5 a\u00f1os de c\u00e1rcel.<\/p>\n\n\n\n<p>Julio C\u00e9sar Lara fue condenado a 20 a\u00f1os de reclusi\u00f3n por homicidio, luego de ser declarado culpable de violar los art\u00edculos 295 y 304 del C\u00f3digo Penal de la Rep\u00fablica Dominicana, modificado por la Ley n\u00fam. 24-97.<\/p>\n\n\n\n<p>Igualmente, Jos\u00e9 And\u00fajar Batista, fue declarado culpable de violar las disposiciones del art\u00edculo 309 numerales 2 y 3 literales A y E del C\u00f3digo Penal dominicano, que tipifican la violencia intrafamiliar agravada, y se le conden\u00f3 cumplir una pena de<strong>&nbsp;diez a\u00f1os&nbsp;<\/strong>(10) de reclusi\u00f3n, a ser cumplido en la Penitenciar\u00eda Nacional de La Victoria.<\/p>\n","protected":false},"excerpt":{"rendered":"<p>Una fuente vinculada al sistema judicial revel\u00f3 a este medio que seg\u00fan los reclusos, son<\/p>\n","protected":false},"author":1,"featured_media":3457,"comment_status":"open","ping_status":"open","sticky":false,"template":"","format":"standard","meta":{"footnotes":""},"categories":[12],"tags":[],"class_list":["post-3456","post","type-post","status-publish","format-standard","has-post-thumbnail","hentry","category-nacionales"],"_links":{"self":[{"href":"https:\/\/samantharadionline.com\/index.php\/wp-json\/wp\/v2\/posts\/3456","targetHints":{"allow":["GET"]}}],"collection":[{"href":"https:\/\/samantharadionline.com\/index.php\/wp-json\/wp\/v2\/posts"}],"about":[{"href":"https:\/\/samantharadionline.com\/index.php\/wp-json\/wp\/v2\/types\/post"}],"author":[{"embeddable":true,"href":"https:\/\/samantharadionline.com\/index.php\/wp-json\/wp\/v2\/users\/1"}],"replies":[{"embeddable":true,"href":"https:\/\/samantharadionline.com\/index.php\/wp-json\/wp\/v2\/comments?post=3456"}],"version-history":[{"count":1,"href":"https:\/\/samantharadionline.com\/index.php\/wp-json\/wp\/v2\/posts\/3456\/revisions"}],"predecessor-version":[{"id":3458,"href":"https:\/\/samantharadionline.com\/index.php\/wp-json\/wp\/v2\/posts\/3456\/revisions\/3458"}],"wp:featuredmedia":[{"embeddable":true,"href":"https:\/\/samantharadionline.com\/index.php\/wp-json\/wp\/v2\/media\/3457"}],"wp:attachment":[{"href":"https:\/\/samantharadionline.com\/index.php\/wp-json\/wp\/v2\/media?parent=3456"}],"wp:term":[{"taxonomy":"category","embeddable":true,"href":"https:\/\/samantharadionline.com\/index.php\/wp-json\/wp\/v2\/categories?post=3456"},{"taxonomy":"post_tag","embeddable":true,"href":"https:\/\/samantharadionline.com\/index.php\/wp-json\/wp\/v2\/tags?post=3456"}],"curies":[{"name":"wp","href":"https:\/\/api.w.org\/{rel}","templated":true}]}}