{"id":3055,"date":"2024-03-20T23:21:31","date_gmt":"2024-03-20T22:21:31","guid":{"rendered":"https:\/\/samantharadionline.com\/?p=3055"},"modified":"2024-03-20T23:21:32","modified_gmt":"2024-03-20T22:21:32","slug":"dice-omar-fernandez-que-el-no-tiene-que-atacar-a-nadie-para-ser-senador","status":"publish","type":"post","link":"https:\/\/samantharadionline.com\/index.php\/2024\/03\/20\/dice-omar-fernandez-que-el-no-tiene-que-atacar-a-nadie-para-ser-senador\/","title":{"rendered":"Dice Omar Fern\u00e1ndez que \u00e9l no tiene que atacar a nadie para ser senador"},"content":{"rendered":"\n<p>El candidato a senador por la alianza \u00abRescate RD\u00bb expresa que no tuvo que contradecir las ideas de sus adversarios para resultar electo como diputado y que tampoco lo debe de ser ahora<\/p>\n\n\n\n<p><img decoding=\"async\" width=\"60px\" height=\"60px\" src=\"https:\/\/listindiario.com\/files\/image_60_60\/uploads\/2023\/05\/16\/646381d315a16.jpeg\" alt=\"Avatar del Laura Castillo\"><em>\u00a0<\/em>LAURA CASTILLO<\/p>\n\n\n\n<p><strong>Santo Domingo, R.D.<\/strong><\/p>\n\n\n\n<p>Todos los ciudadanos que optan por un&nbsp;<strong>cargo pol\u00edtico&nbsp;<\/strong>pasan inmediatamente a la palestra p\u00fablica y no est\u00e1n exentos de las cr\u00edticas de sus adversarios.&nbsp;<strong>Omar Fern\u00e1ndez<\/strong>, el candidato a&nbsp;<strong>senador del Distrito Nacional<\/strong>&nbsp;por el&nbsp;<strong>Partido Fuerza del Pueblo (FP)<\/strong>&nbsp;no es la excepci\u00f3n.<\/p>\n\n\n\n<p>El joven pol\u00edtico expres\u00f3 este mi\u00e9rcoles que no tuvo que contradecir las ideas de sus adversarios para resultar electo como diputado y que tampoco lo debe hacer ahora. \u201cYo no tuve que atacar a nadie para ser diputado y tampoco tengo que hacerlo para ser senador\u201d, expres\u00f3 en una entrevista en&nbsp;<strong>List\u00edn Diario<\/strong>.<\/p>\n\n\n\n<p>Fern\u00e1ndez se refiri\u00f3 hacia las alternativas que usa&nbsp;<strong>para poder lidiar con los ataques<\/strong>&nbsp;de otros candidatos y personas particulares e indic\u00f3 que tiene una tolerancia proporcionada por la inclinaci\u00f3n a Dios que posee desde peque\u00f1o.<\/p>\n\n\n\n<p>Fern\u00e1ndez dijo que sobrellevar estas situaciones requiere de una mezcla de cosas, entre las cuales est\u00e1 Dios y la espiritualidad. \u201cEs una combinaci\u00f3n de cosas. Yo tengo una gran relaci\u00f3n personal con Dios y la verdad es que le pido mucho discernimiento, capacidad de conducci\u00f3n, paciencia, tolerancia, y siento que \u00e9l me la da\u201d, dijo durante una entrevista en List\u00edn Diario, como parte de la serie \u00abDe cara al elector\u00bb que hoy estrena este diario.<\/p>\n\n\n\n<p>Dijo que antes las cr\u00edticas intentan \u201cexhortar a los<strong>\u00a0contrincantes<\/strong>\u00a0que se enfoquen mejor en explicar a la gente que no hoy no quieren saber de pol\u00edtica\u201d.<\/p>\n","protected":false},"excerpt":{"rendered":"<p>El candidato a senador por la alianza \u00abRescate RD\u00bb expresa que no tuvo que contradecir<\/p>\n","protected":false},"author":1,"featured_media":3057,"comment_status":"open","ping_status":"open","sticky":false,"template":"","format":"standard","meta":{"footnotes":""},"categories":[12],"tags":[],"class_list":["post-3055","post","type-post","status-publish","format-standard","has-post-thumbnail","hentry","category-nacionales"],"_links":{"self":[{"href":"https:\/\/samantharadionline.com\/index.php\/wp-json\/wp\/v2\/posts\/3055","targetHints":{"allow":["GET"]}}],"collection":[{"href":"https:\/\/samantharadionline.com\/index.php\/wp-json\/wp\/v2\/posts"}],"about":[{"href":"https:\/\/samantharadionline.com\/index.php\/wp-json\/wp\/v2\/types\/post"}],"author":[{"embeddable":true,"href":"https:\/\/samantharadionline.com\/index.php\/wp-json\/wp\/v2\/users\/1"}],"replies":[{"embeddable":true,"href":"https:\/\/samantharadionline.com\/index.php\/wp-json\/wp\/v2\/comments?post=3055"}],"version-history":[{"count":1,"href":"https:\/\/samantharadionline.com\/index.php\/wp-json\/wp\/v2\/posts\/3055\/revisions"}],"predecessor-version":[{"id":3058,"href":"https:\/\/samantharadionline.com\/index.php\/wp-json\/wp\/v2\/posts\/3055\/revisions\/3058"}],"wp:featuredmedia":[{"embeddable":true,"href":"https:\/\/samantharadionline.com\/index.php\/wp-json\/wp\/v2\/media\/3057"}],"wp:attachment":[{"href":"https:\/\/samantharadionline.com\/index.php\/wp-json\/wp\/v2\/media?parent=3055"}],"wp:term":[{"taxonomy":"category","embeddable":true,"href":"https:\/\/samantharadionline.com\/index.php\/wp-json\/wp\/v2\/categories?post=3055"},{"taxonomy":"post_tag","embeddable":true,"href":"https:\/\/samantharadionline.com\/index.php\/wp-json\/wp\/v2\/tags?post=3055"}],"curies":[{"name":"wp","href":"https:\/\/api.w.org\/{rel}","templated":true}]}}