{"id":3049,"date":"2024-03-20T04:40:09","date_gmt":"2024-03-20T03:40:09","guid":{"rendered":"https:\/\/samantharadionline.com\/?p=3049"},"modified":"2024-03-20T04:40:10","modified_gmt":"2024-03-20T03:40:10","slug":"santiagueros-ya-no-tienen-nada-que-envidiarles-a-los-capitalenos-tiene-teleferico","status":"publish","type":"post","link":"https:\/\/samantharadionline.com\/index.php\/2024\/03\/20\/santiagueros-ya-no-tienen-nada-que-envidiarles-a-los-capitalenos-tiene-teleferico\/","title":{"rendered":"Santiagueros ya no tienen nada que envidiarles a los capitale\u00f1os, tiene Telef\u00e9rico"},"content":{"rendered":"\n<p>Los santiagueros aprovecharon la ma\u00f1ana de este martes las dos horas de pruebas para abarrotar las diferentes estaciones del reci\u00e9n inaugurado telef\u00e9rico.<\/p>\n\n\n\n<p><img decoding=\"async\" width=\"60px\" height=\"60px\" src=\"https:\/\/listindiario.com\/files\/image_60_60\/uploads\/2023\/06\/26\/6499fbf12aa4f.jpeg\" alt=\"Avatar del Onelio Dom\u00ednguez\"><em>\u00a0<\/em>ONELIO DOM\u00cdNGUEZ<\/p>\n\n\n\n<p><strong>Santiago, RD<\/strong><\/p>\n\n\n\n<p>Los santiagueros aprovecharon la ma\u00f1ana de este martes las dos horas de pruebas para abarrotar las diferentes estaciones del reci\u00e9n inaugurado telef\u00e9rico,&nbsp;<strong>primer transporte masivo<\/strong>&nbsp;inaugurado el pasado domingo por el presidente de la rep\u00fablica Luis Abinader.<\/p>\n\n\n\n<p>\u201c<strong>Esto es m\u00e1s c\u00f3modo que un avi\u00f3n, ya no tenemos nada que envidiarle a los capitale\u00f1os&nbsp;<\/strong>y nosotros pasamos de transportarse en coche a un telef\u00e9rico\u201d, fueron parte de las impresiones de algunos de los usuarios al denostarse en la estaci\u00f3n central del telef\u00e9rico.<\/p>\n\n\n\n<p>Ignacio Tineo Rodr\u00edguez, un hombre de 70 a\u00f1os, residente en el sector de Bella Vista, acudi\u00f3 a montarse.&nbsp;<\/p>\n\n\n\n<p>Se levant\u00f3 muy temprano para hacerlo, explico que, \u00abno se va a morir sin disfrutar de la belleza de Santiago desde lo alto\u00bb.<\/p>\n\n\n\n<p>\u201cEsto es importante para la ciudad de Santiago, que estaba bien abandonado, porque&nbsp;<strong>si en la capital ya existe uno, \u00bfpor qu\u00e9 en Santiago no se pod\u00eda hacer?<\/strong>&nbsp;En la vida no podemos poner nada dif\u00edcil\u201d, dijo el se\u00f1or Tineo Rodr\u00edguez, al ser entrevistado en una de la cabina del telef\u00e9rico.<\/p>\n\n\n\n<p>Julio Jos\u00e9 Ram\u00edrez, encargado del telef\u00e9rico de Santiago, coment\u00f3 que en estos dos primeros d\u00edas de operatividad del telef\u00e9rico de Santiago, las personas se han sentido&nbsp;<strong>emocionadas, contentas y satisfechas<\/strong>&nbsp;con el funcionamiento del reci\u00e9n inaugurado transporte masivo.<\/p>\n\n\n\n<figure class=\"wp-block-image\" id=\"m26374-26373-26375\"><img decoding=\"async\" src=\"https:\/\/listindiario.com\/files\/vertical_main_image\/uploads\/2024\/03\/19\/65f9abbe752e2.jpeg\" alt=\"Acuden con sus hijos a probar el nuevo transporte\"\/><figcaption class=\"wp-element-caption\">Acuden con sus hijos a probar el nuevo transporteONELIO DOMINGUEZ<\/figcaption><\/figure>\n\n\n\n<p>\u201cHoy hemos visto mayor cantidad de madres, trabajadores, amas de casa, estudiante y otras personas que han acudido a vivir la experiencia por primera vez del telef\u00e9rico\u00bb, dijo.<\/p>\n\n\n\n<p>Agreg\u00f3 que la alegr\u00eda que sienten los santiagueros,&nbsp;<strong>es equivalente a cuando las Aguilas le ganan al Licey<\/strong>&nbsp;en el estadio Quisqueya en un s\u00e9ptimo juego.<\/p>\n\n\n\n<p>En cuanto a la seguridad del telef\u00e9rico Julio Rodr\u00edguez sostuvo que en la Rep\u00fablica Dominicana se ha estado operando el telef\u00e9rico desde el 2018, acumulando m\u00e1s de 42 mil horas.<\/p>\n\n\n\n<p>Explic\u00f3 que el telef\u00e9rico cuenta con un<strong>&nbsp;personal estimado entre 150 y 200<\/strong>&nbsp;personas y que, para la seguridad de los usuarios del servicio, cuenta con 250 agentes del Cuerpo Especializado para la Seguridad del Metro y el Telef\u00e9rico (Cesmet).<\/p>\n\n\n\n<p>Rodr\u00edguez sostuvo que el trayecto de recorrido del telef\u00e9rico es de cuatro kil\u00f3metros, se hace en 22 minutos de ida y vuelta y permite a los pasajeros, ver desde el aire lugares emblem\u00e1ticos del municipio y su paso por el r\u00edo Yaque del Norte, que van desde el sector La Yag\u00fcita de Pastor hasta la Terminal Central Las Carreras en Pueblo Nuevo, con cuatro estaciones: T1: Estaci\u00f3n Central, E2: Estaci\u00f3n Emiliano Tardif, E3: Estaci\u00f3n Ren\u00e9 Klang de Guzm\u00e1n y E4: Estaci\u00f3n Yolanda Santana. Su recorrido completo se realiza en 10 minutos.<\/p>\n\n\n\n<p>Se trata de un sistema de transporte por cable, compuesto por&nbsp;<strong>83 cabinas con pinzas desembragables<\/strong>, con capacidad de transportar 4,000 pasajeros por hora por sentido, para un total de 8,000 personas por hora, para un total diario de 64 mil individuos.<\/p>\n","protected":false},"excerpt":{"rendered":"<p>Los santiagueros aprovecharon la ma\u00f1ana de este martes las dos horas de pruebas para abarrotar<\/p>\n","protected":false},"author":1,"featured_media":3050,"comment_status":"open","ping_status":"open","sticky":false,"template":"","format":"standard","meta":{"footnotes":""},"categories":[12],"tags":[],"class_list":["post-3049","post","type-post","status-publish","format-standard","has-post-thumbnail","hentry","category-nacionales"],"_links":{"self":[{"href":"https:\/\/samantharadionline.com\/index.php\/wp-json\/wp\/v2\/posts\/3049","targetHints":{"allow":["GET"]}}],"collection":[{"href":"https:\/\/samantharadionline.com\/index.php\/wp-json\/wp\/v2\/posts"}],"about":[{"href":"https:\/\/samantharadionline.com\/index.php\/wp-json\/wp\/v2\/types\/post"}],"author":[{"embeddable":true,"href":"https:\/\/samantharadionline.com\/index.php\/wp-json\/wp\/v2\/users\/1"}],"replies":[{"embeddable":true,"href":"https:\/\/samantharadionline.com\/index.php\/wp-json\/wp\/v2\/comments?post=3049"}],"version-history":[{"count":1,"href":"https:\/\/samantharadionline.com\/index.php\/wp-json\/wp\/v2\/posts\/3049\/revisions"}],"predecessor-version":[{"id":3051,"href":"https:\/\/samantharadionline.com\/index.php\/wp-json\/wp\/v2\/posts\/3049\/revisions\/3051"}],"wp:featuredmedia":[{"embeddable":true,"href":"https:\/\/samantharadionline.com\/index.php\/wp-json\/wp\/v2\/media\/3050"}],"wp:attachment":[{"href":"https:\/\/samantharadionline.com\/index.php\/wp-json\/wp\/v2\/media?parent=3049"}],"wp:term":[{"taxonomy":"category","embeddable":true,"href":"https:\/\/samantharadionline.com\/index.php\/wp-json\/wp\/v2\/categories?post=3049"},{"taxonomy":"post_tag","embeddable":true,"href":"https:\/\/samantharadionline.com\/index.php\/wp-json\/wp\/v2\/tags?post=3049"}],"curies":[{"name":"wp","href":"https:\/\/api.w.org\/{rel}","templated":true}]}}