{"id":3029,"date":"2024-03-19T20:39:17","date_gmt":"2024-03-19T19:39:17","guid":{"rendered":"https:\/\/samantharadionline.com\/?p=3029"},"modified":"2024-03-19T20:39:18","modified_gmt":"2024-03-19T19:39:18","slug":"once-los-fallecidos-tras-incendio-en-carcel-la-victoria","status":"publish","type":"post","link":"https:\/\/samantharadionline.com\/index.php\/2024\/03\/19\/once-los-fallecidos-tras-incendio-en-carcel-la-victoria\/","title":{"rendered":"Once los fallecidos tras incendio en c\u00e1rcel La Victoria"},"content":{"rendered":"\n<p>Miriam Germ\u00e1n Brito dice que se realizan labores de b\u00fasquedas en \u00e1reas afectadas en la c\u00e1rcel de La Victoria, para descartar la existencia de otras v\u00edctimas<\/p>\n\n\n\n<p><img decoding=\"async\" width=\"60px\" height=\"60px\" src=\"https:\/\/listindiario.com\/files\/image_60_60\/uploads\/2023\/05\/11\/645d0fa7541ad.png\" alt=\"Avatar del Ram\u00f3n Cruz Benz\u00e1n\"><em>\u00a0<\/em>RAM\u00d3N CRUZ BENZ\u00c1N<\/p>\n\n\n\n<p>Santo Domingo, RD<\/p>\n\n\n\n<p>Aument\u00f3 a once la cantidad de privados de libertad fallecidos en la&nbsp;<strong>Penitenciar\u00eda Nacional de La Victoria<\/strong>, fruto del siniestro que se produjo en el penal, presumiblemente consecuencia de un cortocircuito.<\/p>\n\n\n\n<p>La procuradora general de la Rep\u00fablica,&nbsp;<strong>Miriam Germ\u00e1n Brito<\/strong>, inform\u00f3 que se realizan labores de b\u00fasquedas en las \u00e1reas afectadas, para descartar la existencia de otras&nbsp;<strong>v\u00edctimas<\/strong>.<\/p>\n\n\n\n<p>La magistrada calific\u00f3 de lamentable lo ocurrido en el&nbsp;<strong>penal de La Victoria<\/strong>&nbsp;y dijo sentirse profundamente consternados con la situaci\u00f3n acaecida y nuevamente nos solidarizamos con el dolor de los afectados y sus familiares\u201d, precis\u00f3 Germ\u00e1n Brito.<\/p>\n","protected":false},"excerpt":{"rendered":"<p>Miriam Germ\u00e1n Brito dice que se realizan labores de b\u00fasquedas en \u00e1reas afectadas en la<\/p>\n","protected":false},"author":1,"featured_media":3030,"comment_status":"open","ping_status":"open","sticky":false,"template":"","format":"standard","meta":{"footnotes":""},"categories":[12],"tags":[],"class_list":["post-3029","post","type-post","status-publish","format-standard","has-post-thumbnail","hentry","category-nacionales"],"_links":{"self":[{"href":"https:\/\/samantharadionline.com\/index.php\/wp-json\/wp\/v2\/posts\/3029","targetHints":{"allow":["GET"]}}],"collection":[{"href":"https:\/\/samantharadionline.com\/index.php\/wp-json\/wp\/v2\/posts"}],"about":[{"href":"https:\/\/samantharadionline.com\/index.php\/wp-json\/wp\/v2\/types\/post"}],"author":[{"embeddable":true,"href":"https:\/\/samantharadionline.com\/index.php\/wp-json\/wp\/v2\/users\/1"}],"replies":[{"embeddable":true,"href":"https:\/\/samantharadionline.com\/index.php\/wp-json\/wp\/v2\/comments?post=3029"}],"version-history":[{"count":1,"href":"https:\/\/samantharadionline.com\/index.php\/wp-json\/wp\/v2\/posts\/3029\/revisions"}],"predecessor-version":[{"id":3031,"href":"https:\/\/samantharadionline.com\/index.php\/wp-json\/wp\/v2\/posts\/3029\/revisions\/3031"}],"wp:featuredmedia":[{"embeddable":true,"href":"https:\/\/samantharadionline.com\/index.php\/wp-json\/wp\/v2\/media\/3030"}],"wp:attachment":[{"href":"https:\/\/samantharadionline.com\/index.php\/wp-json\/wp\/v2\/media?parent=3029"}],"wp:term":[{"taxonomy":"category","embeddable":true,"href":"https:\/\/samantharadionline.com\/index.php\/wp-json\/wp\/v2\/categories?post=3029"},{"taxonomy":"post_tag","embeddable":true,"href":"https:\/\/samantharadionline.com\/index.php\/wp-json\/wp\/v2\/tags?post=3029"}],"curies":[{"name":"wp","href":"https:\/\/api.w.org\/{rel}","templated":true}]}}