{"id":3023,"date":"2024-03-19T17:16:39","date_gmt":"2024-03-19T16:16:39","guid":{"rendered":"https:\/\/samantharadionline.com\/?p=3023"},"modified":"2024-03-19T17:16:41","modified_gmt":"2024-03-19T16:16:41","slug":"en-el-ney-arias-lora-tras-incendio-en-la-victoria-lis-internos-fueron-dados-de-alta-el-mismo-dia","status":"publish","type":"post","link":"https:\/\/samantharadionline.com\/index.php\/2024\/03\/19\/en-el-ney-arias-lora-tras-incendio-en-la-victoria-lis-internos-fueron-dados-de-alta-el-mismo-dia\/","title":{"rendered":"En el Ney Arias Lora tras incendio en La victoria lis internos fueron dados de alta el mismo d\u00eda"},"content":{"rendered":"\n<p>Tres bomberos fueron atendidos, adem\u00e1s de los cinco reclusos y fueron egresados ayer. Agreg\u00f3 que estos tuvieron inflaci\u00f3n leve de las v\u00edas superiores<\/p>\n\n\n\n<p><img decoding=\"async\" width=\"60px\" height=\"60px\" src=\"https:\/\/listindiario.com\/files\/image_60_60\/uploads\/2024\/01\/03\/6595dbcf057b9.jpeg\" alt=\"Avatar del Nicole Collado\"><em>\u00a0<\/em>NICOLE COLLADO<\/p>\n\n\n\n<p><strong>Santo Domingo, RD<\/strong>\u00a0<\/p>\n\n\n\n<p>El encargado de la Unidad de Quemados que funciona en el&nbsp;<strong>Hospital Ney Arias Lor<\/strong>a, doctor&nbsp;<strong>Eddy Bruno Vizca\u00edno<\/strong>, inform\u00f3 que cinco de los seis pacientes que fueron ingresados tras el incendio en el&nbsp;<strong>Centro de Privaci\u00f3n de Libertad de La Victoria<\/strong>, fueron dados de alta el mismo d\u00eda.<\/p>\n\n\n\n<p>Bruno Vizca\u00edno indic\u00f3 que fueron recibidos seis reclusos por el&nbsp;<strong>incendio&nbsp;<\/strong>y uno de esos lleg\u00f3 al centro hospitalario ya fallecido a causa de inhalaci\u00f3n de humo.<\/p>\n\n\n\n<p>En tanto, los cinco restantes fueron atendidos en el \u00e1rea de&nbsp;<strong>Emergencia<\/strong>.<\/p>\n","protected":false},"excerpt":{"rendered":"<p>Tres bomberos fueron atendidos, adem\u00e1s de los cinco reclusos y fueron egresados ayer. Agreg\u00f3 que<\/p>\n","protected":false},"author":1,"featured_media":3024,"comment_status":"open","ping_status":"open","sticky":false,"template":"","format":"standard","meta":{"footnotes":""},"categories":[12],"tags":[],"class_list":["post-3023","post","type-post","status-publish","format-standard","has-post-thumbnail","hentry","category-nacionales"],"_links":{"self":[{"href":"https:\/\/samantharadionline.com\/index.php\/wp-json\/wp\/v2\/posts\/3023","targetHints":{"allow":["GET"]}}],"collection":[{"href":"https:\/\/samantharadionline.com\/index.php\/wp-json\/wp\/v2\/posts"}],"about":[{"href":"https:\/\/samantharadionline.com\/index.php\/wp-json\/wp\/v2\/types\/post"}],"author":[{"embeddable":true,"href":"https:\/\/samantharadionline.com\/index.php\/wp-json\/wp\/v2\/users\/1"}],"replies":[{"embeddable":true,"href":"https:\/\/samantharadionline.com\/index.php\/wp-json\/wp\/v2\/comments?post=3023"}],"version-history":[{"count":1,"href":"https:\/\/samantharadionline.com\/index.php\/wp-json\/wp\/v2\/posts\/3023\/revisions"}],"predecessor-version":[{"id":3025,"href":"https:\/\/samantharadionline.com\/index.php\/wp-json\/wp\/v2\/posts\/3023\/revisions\/3025"}],"wp:featuredmedia":[{"embeddable":true,"href":"https:\/\/samantharadionline.com\/index.php\/wp-json\/wp\/v2\/media\/3024"}],"wp:attachment":[{"href":"https:\/\/samantharadionline.com\/index.php\/wp-json\/wp\/v2\/media?parent=3023"}],"wp:term":[{"taxonomy":"category","embeddable":true,"href":"https:\/\/samantharadionline.com\/index.php\/wp-json\/wp\/v2\/categories?post=3023"},{"taxonomy":"post_tag","embeddable":true,"href":"https:\/\/samantharadionline.com\/index.php\/wp-json\/wp\/v2\/tags?post=3023"}],"curies":[{"name":"wp","href":"https:\/\/api.w.org\/{rel}","templated":true}]}}