{"id":2989,"date":"2024-03-19T00:52:51","date_gmt":"2024-03-18T23:52:51","guid":{"rendered":"https:\/\/samantharadionline.com\/?p=2989"},"modified":"2024-03-19T00:52:53","modified_gmt":"2024-03-18T23:52:53","slug":"dedicaran-el-proximo-torneo-a-la-memoria-de-jose-leon-asensio","status":"publish","type":"post","link":"https:\/\/samantharadionline.com\/index.php\/2024\/03\/19\/dedicaran-el-proximo-torneo-a-la-memoria-de-jose-leon-asensio\/","title":{"rendered":"Dedicar\u00e1n el pr\u00f3ximo torneo a la memoria de Jos\u00e9 Le\u00f3n Asensio"},"content":{"rendered":"\n<p>Don Jos\u00e9 Le\u00f3n Asensio fue un aliado del deporte<\/p>\n\n\n\n<p><strong>Santo Domingo<\/strong><\/p>\n\n\n\n<p>El pr\u00f3ximo torneo de b\u00e9isbol de la Liga Dominicana estar\u00e1 dedicado a honrar la memoria y el legado de don Jos\u00e9 Le\u00f3n Asensio, ejemplo de vida empresarial y personal, y decidido propulsor y activista del deporte y la cultura en todas sus manifestaciones, y sin lugar a dudas un amante y colaborador de siempre de nuestro b\u00e9isbol profesional.<\/p>\n\n\n\n<p>Vitelio Mej\u00eda Ortiz, presidente de Lidom, expres\u00f3 que \u00abes la liga y es nuestro b\u00e9isbol que se honra con esta dedicatoria a un hombre de bien, empresario, deportista, ciudadano ejemplar y con alto sentido de responsabilidad social. Estamos entusiasmados por celebrar el legado de don Jos\u00e9 con nuestra mejor fiesta, el b\u00e9isbol profesional que tanto am\u00f3\u201d.<\/p>\n\n\n\n<p>Don Jos\u00e9 Le\u00f3n Asensio naci\u00f3 en la ciudad de Santiago de los Caballeros el 21 de febrero de 1934. Fue el&nbsp;menor de siete hijos procreados por el matrimonio de Eduardo Le\u00f3n Jimenes y Mar\u00eda Asensio C\u00f3rdoba.<\/p>\n\n\n\n<p>Para 1986 ocupa la presidencia de la Cervecer\u00eda Nacional Dominicana (CND), empresa en la que se<\/p>\n\n\n\n<p>mantuvo hasta 1993 cuando asume como CEO y presidente del Grupo Le\u00f3n Jimenes, cargo que ocup\u00f3 hasta su deceso ocurrido a principios de este mes de marzo cuando ten\u00eda 90 a\u00f1os de edad.<\/p>\n\n\n\n<p>Don Jos\u00e9 siempre estuvo ligado al deporte en sentido general mostrando un permanente respaldo a&nbsp;los principales clubes de b\u00e9isbol, baloncesto y diversas actividades de velocidad como autos, motos y&nbsp;karts.<\/p>\n\n\n\n<p>Su apoyo al \u00e1mbito deportivo tambi\u00e9n se materializ\u00f3 a trav\u00e9s de las grandes cadenas de transmisi\u00f3n<\/p>\n\n\n\n<p>de radio y televisi\u00f3n de eventos deportivos de transcendencia nacional e internacional.<\/p>\n","protected":false},"excerpt":{"rendered":"<p>Don Jos\u00e9 Le\u00f3n Asensio fue un aliado del deporte Santo Domingo El pr\u00f3ximo torneo de<\/p>\n","protected":false},"author":1,"featured_media":2990,"comment_status":"open","ping_status":"open","sticky":false,"template":"","format":"standard","meta":{"footnotes":""},"categories":[14],"tags":[],"class_list":["post-2989","post","type-post","status-publish","format-standard","has-post-thumbnail","hentry","category-deportes"],"_links":{"self":[{"href":"https:\/\/samantharadionline.com\/index.php\/wp-json\/wp\/v2\/posts\/2989","targetHints":{"allow":["GET"]}}],"collection":[{"href":"https:\/\/samantharadionline.com\/index.php\/wp-json\/wp\/v2\/posts"}],"about":[{"href":"https:\/\/samantharadionline.com\/index.php\/wp-json\/wp\/v2\/types\/post"}],"author":[{"embeddable":true,"href":"https:\/\/samantharadionline.com\/index.php\/wp-json\/wp\/v2\/users\/1"}],"replies":[{"embeddable":true,"href":"https:\/\/samantharadionline.com\/index.php\/wp-json\/wp\/v2\/comments?post=2989"}],"version-history":[{"count":1,"href":"https:\/\/samantharadionline.com\/index.php\/wp-json\/wp\/v2\/posts\/2989\/revisions"}],"predecessor-version":[{"id":2991,"href":"https:\/\/samantharadionline.com\/index.php\/wp-json\/wp\/v2\/posts\/2989\/revisions\/2991"}],"wp:featuredmedia":[{"embeddable":true,"href":"https:\/\/samantharadionline.com\/index.php\/wp-json\/wp\/v2\/media\/2990"}],"wp:attachment":[{"href":"https:\/\/samantharadionline.com\/index.php\/wp-json\/wp\/v2\/media?parent=2989"}],"wp:term":[{"taxonomy":"category","embeddable":true,"href":"https:\/\/samantharadionline.com\/index.php\/wp-json\/wp\/v2\/categories?post=2989"},{"taxonomy":"post_tag","embeddable":true,"href":"https:\/\/samantharadionline.com\/index.php\/wp-json\/wp\/v2\/tags?post=2989"}],"curies":[{"name":"wp","href":"https:\/\/api.w.org\/{rel}","templated":true}]}}