{"id":29601,"date":"2026-09-05T12:37:12","date_gmt":"2026-09-05T16:37:12","guid":{"rendered":"https:\/\/samantharadionline.com\/?p=29601"},"modified":"2026-09-05T12:37:13","modified_gmt":"2026-09-05T16:37:13","slug":"la-asamblea-general-de-la-onu-aprueba-una-representacion-cartografica-mundial-mas-fiel-al-tamano-real-de-los-continentes-ampliando-en-particular-africa-y-reduciendo-el-tamano-de-estados-unidos","status":"publish","type":"post","link":"https:\/\/samantharadionline.com\/index.php\/2026\/09\/05\/la-asamblea-general-de-la-onu-aprueba-una-representacion-cartografica-mundial-mas-fiel-al-tamano-real-de-los-continentes-ampliando-en-particular-africa-y-reduciendo-el-tamano-de-estados-unidos\/","title":{"rendered":"La Asamblea General de la ONU aprueba una representaci\u00f3n cartogr\u00e1fica mundial m\u00e1s fiel al tama\u00f1o real de los continentes, ampliando en particular \u00c1frica y reduciendo el tama\u00f1o de Estados Unidos"},"content":{"rendered":"\n<p class=\"has-medium-font-size wp-block-paragraph\"><em>La Asamblea General de la ONU aprob\u00f3 el viernes 4 de septiembre una resoluci\u00f3n para promover una representaci\u00f3n cartogr\u00e1fica mundial m\u00e1s fiel al tama\u00f1o real de los continentes, ampliando en particular \u00c1frica y reduciendo el tama\u00f1o de Estados Unidos. Este texto, presentado por Togo y la Uni\u00f3n Africana y copatrocinado por Francia, fue aprobado por 164 votos a favor, uno en contra \u2014el de Estados Unidos\u2014 y seis abstenciones. La resoluci\u00f3n tiene como objetivo alentar a las organizaciones internacionales y a los Estados a utilizar representaciones cartogr\u00e1ficas del tipo \u00abEqual Earth\u00bb. \u00a9 Studio graphique FMM<\/em><\/p>\n\n\n\n<p class=\"wp-block-paragraph\"><strong>Por: RFI<\/strong><\/p>\n\n\n\n<p class=\"wp-block-paragraph\">Este texto, impulsado por Togo y la Uni\u00f3n Africana y copatrocinado por Francia, fue aprobado por 164 votos a favor, uno en contra \u2014el de Estados Unidos\u2014 y seis abstenciones. La resoluci\u00f3n tiene como objetivo alentar a las organizaciones internacionales y a los Estados a utilizar representaciones cartogr\u00e1ficas del tipo \u00abEqual Earth\u00bb. Esta cartograf\u00eda abandona la proyecci\u00f3n conocida como \u00abde Mercator\u00bb, que lleva el nombre de Gerardus Mercator, ge\u00f3grafo, cart\u00f3grafo, fil\u00f3sofo y te\u00f3logo nacido en Flandes en 1512. Su mapa del mundo fue dise\u00f1ado para la navegaci\u00f3n mar\u00edtima y agranda artificialmente los territorios situados en latitudes altas. Una distorsi\u00f3n que \u00abcontribuye a minimizar en la mente de las personas el tama\u00f1o de \u00c1frica, Am\u00e9rica Latina y el sur de Asia, y a perpetuar una visi\u00f3n desequilibrada\u00bb del planeta, seg\u00fan el texto de la resoluci\u00f3n.<\/p>\n\n\n\n<h2 class=\"wp-block-heading\">Abandonar la proyecci\u00f3n de \u00abMercator\u00bb<\/h2>\n\n\n\n<p class=\"wp-block-paragraph\">Con esta resoluci\u00f3n, la ONU alienta oficialmente a los Estados miembros, las instituciones internacionales y las instituciones educativas a dejar de usar el planisferio tal como lo conocemos desde hace varios siglos, en el que los pa\u00edses cercanos a los polos est\u00e1n sobrerrepresentados, mientras que, por el contrario, los pa\u00edses subsaharianos aparecen reducidos, informa nuestra corresponsal en Nueva York, Carrie Nooten. As\u00ed, Groenlandia parece tener un tama\u00f1o similar al de \u00c1frica, cuando en realidad \u00c1frica es aproximadamente catorce veces m\u00e1s grande.<\/p>\n\n\n\n<p class=\"wp-block-paragraph\">El jefe de la diplomacia togolesa, Robert Dussey, explic\u00f3 que estos sesgos transmitidos de generaci\u00f3n en generaci\u00f3n influyen en nuestras percepciones colectivas y que esta representaci\u00f3n injusta, en definitiva, va mucho m\u00e1s all\u00e1 de la cartograf\u00eda, sino que se refiere a la justicia cognitiva, la dignidad de los pueblos, la memoria hist\u00f3rica y la lucha contra las representaciones heredadas.<\/p>\n\n\n\n<p class=\"wp-block-paragraph\">\u00abEsta iniciativa no apunta contra ninguna naci\u00f3n, ninguna civilizaci\u00f3n ni ninguna tradici\u00f3n cartogr\u00e1fica\u00bb, sino que \u00abse gu\u00eda por una ambici\u00f3n universal: promover un conocimiento basado en el rigor cient\u00edfico, el respeto a la verdad y la igual dignidad de todos los pueblos\u00bb, insisti\u00f3 Robert Dussey.<\/p>\n\n\n\n<figure class=\"wp-block-image\"><img decoding=\"async\" src=\"https:\/\/s.rfi.fr\/media\/display\/36e281d4-a85e-11f1-a6b6-005056bfb2b6\/w:1024\/infog-2.png\" alt=\"Francia cambia su representaci\u00f3n cartogr\u00e1fica del mundo, dejando de lado la proyecci\u00f3n &quot;Mercator&quot; para adoptar la de &quot;Eckert IV&quot;.\"\/><figcaption class=\"wp-element-caption\">Francia cambia su representaci\u00f3n cartogr\u00e1fica del mundo, dejando de lado la proyecci\u00f3n \u00abMercator\u00bb para adoptar la de \u00abEckert IV\u00bb. \u00a9 Studio graphique FMM<\/figcaption><\/figure>\n\n\n\n<h2 class=\"wp-block-heading\">Oposici\u00f3n de Estados Unidos<\/h2>\n\n\n\n<p class=\"wp-block-paragraph\">Europa, China, Rusia y Estados Unidos ven as\u00ed reducida su superficie al seguir estas recomendaciones, pero solo Washington se neg\u00f3 a sumarse a la abrumadora mayor\u00eda para aprobar la resoluci\u00f3n. Unas horas antes, Francia hab\u00eda anunciado oficialmente que abandonar\u00eda el antiguo planisferio.<\/p>\n\n\n\n<p class=\"wp-block-paragraph\">En un discurso pronunciado el viernes en la Sorbona, el ministro de Relaciones Exteriores, Jean-No\u00ebl Barrot, declar\u00f3 que \u00abcambiar un mapa, evidentemente, no cambia el mundo. (&#8230;) Pero corregir una representaci\u00f3n que lo distorsiona ya es, en s\u00ed mismo, un acto de verdad\u00bb.<\/p>\n\n\n\n<p class=\"wp-block-paragraph\">Seg\u00fan \u00e9l, este cambio es coherente con la voluntad francesa de defender su propia interpretaci\u00f3n de las relaciones internacionales frente a los relatos considerados simplistas, ya sea la oposici\u00f3n entre un \u00absupuesto Sur global\u00bb y un \u00abOccidente colectivo\u00bb o la visi\u00f3n de una Europa condenada al declive.<\/p>\n","protected":false},"excerpt":{"rendered":"<p>La Asamblea General de la ONU aprob\u00f3 el viernes 4 de septiembre una resoluci\u00f3n para<\/p>\n","protected":false},"author":1,"featured_media":29602,"comment_status":"open","ping_status":"open","sticky":false,"template":"","format":"standard","meta":{"footnotes":""},"categories":[4],"tags":[],"class_list":["post-29601","post","type-post","status-publish","format-standard","has-post-thumbnail","hentry","category-mundiales"],"_links":{"self":[{"href":"https:\/\/samantharadionline.com\/index.php\/wp-json\/wp\/v2\/posts\/29601","targetHints":{"allow":["GET"]}}],"collection":[{"href":"https:\/\/samantharadionline.com\/index.php\/wp-json\/wp\/v2\/posts"}],"about":[{"href":"https:\/\/samantharadionline.com\/index.php\/wp-json\/wp\/v2\/types\/post"}],"author":[{"embeddable":true,"href":"https:\/\/samantharadionline.com\/index.php\/wp-json\/wp\/v2\/users\/1"}],"replies":[{"embeddable":true,"href":"https:\/\/samantharadionline.com\/index.php\/wp-json\/wp\/v2\/comments?post=29601"}],"version-history":[{"count":1,"href":"https:\/\/samantharadionline.com\/index.php\/wp-json\/wp\/v2\/posts\/29601\/revisions"}],"predecessor-version":[{"id":29603,"href":"https:\/\/samantharadionline.com\/index.php\/wp-json\/wp\/v2\/posts\/29601\/revisions\/29603"}],"wp:featuredmedia":[{"embeddable":true,"href":"https:\/\/samantharadionline.com\/index.php\/wp-json\/wp\/v2\/media\/29602"}],"wp:attachment":[{"href":"https:\/\/samantharadionline.com\/index.php\/wp-json\/wp\/v2\/media?parent=29601"}],"wp:term":[{"taxonomy":"category","embeddable":true,"href":"https:\/\/samantharadionline.com\/index.php\/wp-json\/wp\/v2\/categories?post=29601"},{"taxonomy":"post_tag","embeddable":true,"href":"https:\/\/samantharadionline.com\/index.php\/wp-json\/wp\/v2\/tags?post=29601"}],"curies":[{"name":"wp","href":"https:\/\/api.w.org\/{rel}","templated":true}]}}