{"id":29595,"date":"2026-09-05T12:28:09","date_gmt":"2026-09-05T16:28:09","guid":{"rendered":"https:\/\/samantharadionline.com\/?p=29595"},"modified":"2026-09-05T12:28:09","modified_gmt":"2026-09-05T16:28:09","slug":"abinader-y-el-prm-entran-manana-en-una-nueva-fase-politica-de-cara-al-2028","status":"publish","type":"post","link":"https:\/\/samantharadionline.com\/index.php\/2026\/09\/05\/abinader-y-el-prm-entran-manana-en-una-nueva-fase-politica-de-cara-al-2028\/","title":{"rendered":"Abinader y el PRM entran ma\u00f1ana en una nueva fase pol\u00edtica de cara al 2028"},"content":{"rendered":"\n<h2 class=\"wp-block-heading has-medium-font-size\"><em>Hasta el momento, aspiran a la presidencia de la Rep\u00fablica, David Collado, Carolina Mej\u00eda, Wellington Arnaud, Raquel Pe\u00f1a, Guido G\u00f3mez Mazara y Francisco Antonio (Tony) Pe\u00f1a Guaba<\/em><\/h2>\n\n\n\n<p class=\"wp-block-paragraph\"><strong>Javier Flores, Santo Domingo, RD<\/strong><\/p>\n\n\n\n<p class=\"wp-block-paragraph\">Este domingo 6 de septiembre, a las 10 de la ma\u00f1ana, el Partido Revolucionario Moderno (PRM) juramentar\u00e1 a Luis Abinader como el nuevo presidente de esa organizaci\u00f3n pol\u00edtica por los pr\u00f3ximos cuatro a\u00f1os.<\/p>\n\n\n\n<p class=\"wp-block-paragraph\">La juramentaci\u00f3n del Presidente de la Rep\u00fablica, junto a Deligne Asenci\u00f3n (vicepresidente ejecutivo) y Juan Garrig\u00f3 Mej\u00eda (secretario general), marcar\u00e1 el inicio de una nueva etapa del partido oficialista, en rumbo hacia el periodo electoral del 2028.<\/p>\n\n\n\n<p class=\"wp-block-paragraph\"><strong>Mantener la unidad<\/strong><\/p>\n\n\n\n<p class=\"wp-block-paragraph\">La principal tarea de Abinader, y las nuevas autoridades del PRM, es mantener la unidad dentro de las bases partidarias en ruta las primarias cerradas del 2027 en donde los perremeistas tendr\u00e1n que decidir quien sustituir\u00e1 al mandatario en la casilla presidencial en mayo del a\u00f1o subsiguiente.<\/p>\n\n\n\n<p class=\"wp-block-paragraph\">El \u00e9nfasis en la unidad llega debido a que actualmente la estructura del PRM comienza a ubicarse detr\u00e1s del aspirante presidencial de su preferencia, lo que podr\u00eda ocasionar fricci\u00f3n entre los dirigentes medios del partido oficialista.<\/p>\n\n\n\n<p class=\"wp-block-paragraph\">Hasta el momento, son seis los aspirantes presidenciales que a\u00fan se mantienen en la contienda interna. Son estos, David Collado, Carolina Mej\u00eda, Wellington Arnaud (siendo estos tres los que se reparten el grueso de las simpat\u00edas de los dirigentes del partido); adem\u00e1s de la vicepresidenta Raquel Pe\u00f1a, Guido G\u00f3mez Mazara y Francisco Antonio (Tony) Pe\u00f1a Guaba.<\/p>\n\n\n\n<p class=\"wp-block-paragraph\">Precisamente, bajo la premisa de evitar disputas, el PRM se decidi\u00f3 por construir una plancha unitaria, encabezada por Abinader, que asigne cuotas a cada uno de los sectores de poder dentro de la organizaci\u00f3n pol\u00edtica.<\/p>\n\n\n\n<p class=\"wp-block-paragraph\">Como parte de la estructura que ser\u00e1 juramentada ma\u00f1ana domingo, est\u00e1 Garrig\u00f3 Mej\u00eda, hijo de la alcaldesa del Distrito Nacional y el secretario general del partido; como nueva secretar\u00eda de organizaci\u00f3n fue escogida Gloria Reyes, actual ministra de la Mujer, quien forma parte del sector que apoya las aspiraciones presidenciales del ministro de Turismo.<\/p>\n\n\n\n<p class=\"wp-block-paragraph\">La estructura del director del Instituto Nacional de Aguas Potables y Alcantarillados (Inapa) tambi\u00e9n est\u00e1 representada en la nueva direcci\u00f3n nacional del PRM con la colocaci\u00f3n de Luis Delgado como el secretario nacional de Elecciones.<\/p>\n\n\n\n<p class=\"wp-block-paragraph\"><strong>Defensa del Gobierno<\/strong><\/p>\n\n\n\n<p class=\"wp-block-paragraph\">Otro de los puntos con lo que esta nueva direcci\u00f3n nacional del partido tendr\u00e1 que lidiar ser\u00e1 asumir la defensa de la gesti\u00f3n del Gobierno de Abinader durante estos \u00faltimos dos a\u00f1os.<\/p>\n\n\n\n<p class=\"wp-block-paragraph\">Durante los \u00faltimos meses, la administraci\u00f3n del mandatario ha recibido sendas criticas por distintos temas como la alta facturaci\u00f3n el\u00e9ctrica, la inseguridad ciudadana, la crisis econ\u00f3mica, entre otros temas, por lo que la estructura interna del PRM deber\u00e1 asumir la defensa de sus a\u00f1os al frente del Poder Ejecutivo, principalmente contra los se\u00f1alamientos de la oposici\u00f3n, los cuales se ir\u00e1n acentuando a medida que acerque el proceso electoral.<\/p>\n\n\n\n<p class=\"wp-block-paragraph\"><strong>El cierre de un proceso<\/strong><\/p>\n\n\n\n<p class=\"wp-block-paragraph\">El acto, pautado a realizarse a las 10 de la ma\u00f1ana de este domingo 6 de septiembre, en el Club San Carlos, ser\u00e1 el cierre de un proceso de renovaci\u00f3n que ha sido tema de conversaci\u00f3n en el debate pol\u00edtico desde inicios de este a\u00f1o.<\/p>\n\n\n\n<p class=\"wp-block-paragraph\">A inicios, las autoridades intentaron escoger mediante consenso las direcciones locales y municipales; sin embargo, esa medida fue rechazada en primera instancia por las bases, al considerar que se les estaban \u00abimponiendo\u00bb los puestos directivos. Esto provoc\u00f3 el rechazo de m\u00faltiples dirigentes y retras\u00f3 la elecci\u00f3n de las nuevas autoridades.<\/p>\n\n\n\n<p class=\"wp-block-paragraph\">Tras esa negativa, se propuso extender el mandato de la direcci\u00f3n nacional hasta 2027 y 2028, argumentando que la crisis en Medio Oriente y la situaci\u00f3n econ\u00f3mica exig\u00edan que la militancia se mantuviera concentrada en las tareas de gobierno y en la estabilidad del pa\u00eds. La propuesta gener\u00f3 a\u00fan m\u00e1s rechazo y termin\u00f3 siendo desestimada.<\/p>\n\n\n\n<p class=\"wp-block-paragraph\">La crisis interna comenz\u00f3 a aclararse con la aprobaci\u00f3n de los nuevos estatutos hace varios meses.<\/p>\n\n\n\n<p class=\"wp-block-paragraph\"><strong>Abinader, el tercer presidente del PRM<\/strong><\/p>\n\n\n\n<p class=\"wp-block-paragraph\">El primer presidente del PRM, fundado en el 2014 tras la salida de la estructura que encabezaban Abinader y el expresidente Hipolito Mej\u00eda del Partido Revolucionario Dominicano (PRD), fue Andr\u00e9s Bautista, quien actualmente dirige el Ministerio Administrativo de la Presidencia.<\/p>\n\n\n\n<p class=\"wp-block-paragraph\">Bautista dirigi\u00f3 el partido hasta el 2018 cuando fue sustituido por el entonces senador de Puerto Plata, y actual ministro de la Presidencia, Jos\u00e9 Ignacio Paliza.<\/p>\n\n\n\n<p class=\"wp-block-paragraph\">Bajo la direcci\u00f3n de Paliza, el PRM construy\u00f3 sobre lo logrado en el 2016 y gan\u00f3 las elecciones presidenciales de julio de 2020 y Abinader se alzar\u00eda con un 52.52 % y lograr\u00eda la Presidencia de la Rep\u00fablica, destronando a un Partido de la Liberaci\u00f3n Dominicana (PLD) que llevaba 16 a\u00f1os ininterrumpidos en el poder. El PRM lograr\u00eda 18 de 32 senadores y 97 de 190 diputados.<\/p>\n\n\n\n<p class=\"wp-block-paragraph\">Paliza sortear\u00eda los primeros descontentos de las bases perremeistas con la alta dirigencia del partido, debido a la falta de empleos en el sector p\u00fablico, y lograr\u00eda ser ratificado en el 2022 como el presidente del partido.<\/p>\n\n\n\n<p class=\"wp-block-paragraph\">El PRM, y Abinader, ganar\u00eda los comicios del 2024 alcanzando un 57.44%, adem\u00e1s de obtener 29 senadores y 147 diputados, y de inmediato se embarcar\u00eda en una serie de reformas, incluyendo una constitucional en b\u00fasqueda de \u201ccontinuar institucionalizando\u201d la Rep\u00fablica Dominicana.<\/p>\n","protected":false},"excerpt":{"rendered":"<p>Hasta el momento, aspiran a la presidencia de la Rep\u00fablica, David Collado, Carolina Mej\u00eda, Wellington<\/p>\n","protected":false},"author":1,"featured_media":29596,"comment_status":"open","ping_status":"open","sticky":false,"template":"","format":"standard","meta":{"footnotes":""},"categories":[12],"tags":[],"class_list":["post-29595","post","type-post","status-publish","format-standard","has-post-thumbnail","hentry","category-nacionales"],"_links":{"self":[{"href":"https:\/\/samantharadionline.com\/index.php\/wp-json\/wp\/v2\/posts\/29595","targetHints":{"allow":["GET"]}}],"collection":[{"href":"https:\/\/samantharadionline.com\/index.php\/wp-json\/wp\/v2\/posts"}],"about":[{"href":"https:\/\/samantharadionline.com\/index.php\/wp-json\/wp\/v2\/types\/post"}],"author":[{"embeddable":true,"href":"https:\/\/samantharadionline.com\/index.php\/wp-json\/wp\/v2\/users\/1"}],"replies":[{"embeddable":true,"href":"https:\/\/samantharadionline.com\/index.php\/wp-json\/wp\/v2\/comments?post=29595"}],"version-history":[{"count":1,"href":"https:\/\/samantharadionline.com\/index.php\/wp-json\/wp\/v2\/posts\/29595\/revisions"}],"predecessor-version":[{"id":29597,"href":"https:\/\/samantharadionline.com\/index.php\/wp-json\/wp\/v2\/posts\/29595\/revisions\/29597"}],"wp:featuredmedia":[{"embeddable":true,"href":"https:\/\/samantharadionline.com\/index.php\/wp-json\/wp\/v2\/media\/29596"}],"wp:attachment":[{"href":"https:\/\/samantharadionline.com\/index.php\/wp-json\/wp\/v2\/media?parent=29595"}],"wp:term":[{"taxonomy":"category","embeddable":true,"href":"https:\/\/samantharadionline.com\/index.php\/wp-json\/wp\/v2\/categories?post=29595"},{"taxonomy":"post_tag","embeddable":true,"href":"https:\/\/samantharadionline.com\/index.php\/wp-json\/wp\/v2\/tags?post=29595"}],"curies":[{"name":"wp","href":"https:\/\/api.w.org\/{rel}","templated":true}]}}