{"id":29589,"date":"2026-09-05T12:13:11","date_gmt":"2026-09-05T16:13:11","guid":{"rendered":"https:\/\/samantharadionline.com\/?p=29589"},"modified":"2026-09-05T12:13:12","modified_gmt":"2026-09-05T16:13:12","slug":"marileidy-paulino-va-este-sabado-por-su-cuarto-diamante","status":"publish","type":"post","link":"https:\/\/samantharadionline.com\/index.php\/2026\/09\/05\/marileidy-paulino-va-este-sabado-por-su-cuarto-diamante\/","title":{"rendered":"Marileidy Paulino va este s\u00e1bado por su cuarto diamante"},"content":{"rendered":"\n<h2 class=\"wp-block-heading has-medium-font-size\"><em>La n\u00famero uno del ranking mundial de su especialidad busca ganar la final de los 400 metros planos en Bruselas a las 2:09 p.m.<\/em><\/h2>\n\n\n\n<p class=\"wp-block-paragraph\"><strong>Bruselas<\/strong><\/p>\n\n\n\n<p class=\"wp-block-paragraph\">La temporada del atletismo mundial se aproxima a su desenlace con las Finales de la Diamond League 2026.<\/p>\n\n\n\n<p class=\"wp-block-paragraph\">Bruselas entregar\u00e1 en el Memorial Van Damme 2026 los t\u00edtulos definitivos del principal circuito internacional los d\u00edas 4 y 5 de septiembre.<\/p>\n\n\n\n<p class=\"wp-block-paragraph\">Las 32 finales programadas durante las dos jornadas reunir\u00e1n a grandes figuras, campeones ol\u00edmpicos y debutantes que buscan su primera conquista.<\/p>\n\n\n\n<p class=\"wp-block-paragraph\">La favorita<\/p>\n\n\n\n<p class=\"wp-block-paragraph\">Marileidy Paulino, tres veces ganadora del Diamante, llega como una de las favoritas para ganar la final de los 400 metros femenino tras clasificar con el mayor n\u00famero de puntos tras la temporada regular. En esa misma prueba tambi\u00e9n aparecer\u00e1 la cubana Roxana G\u00f3mez. Una temporada constantemente por debajo de los 49 segundos en la vuelta a la pista.<\/p>\n\n\n\n<p class=\"wp-block-paragraph\">Tras cuarto diamante<\/p>\n\n\n\n<p class=\"wp-block-paragraph\">Esa es la carta de presentaci\u00f3n de Paulino en los 400 metros femeninos para Bruselas, donde buscar\u00e1 el cuarto diamante de su carrera.<\/p>\n\n\n\n<p class=\"wp-block-paragraph\">Gan\u00f3 las cinco reuniones en las que particip\u00f3 este a\u00f1o y posee la mejor marca mundial de 2026 gracias al 48,48 registrado en Par\u00eds a finales de junio.<\/p>\n\n\n\n<p class=\"wp-block-paragraph\">El s\u00e1bado se disputa la segunda tanda de finales y all\u00ed las opciones de \u00e9xito para Latinoam\u00e9rica son muy claras, con el plusmarquista mundial brasile\u00f1o Alison Dos Santos en 400 metros vallas y con la estrella dominicana Paulino en los 400 metros.<\/p>\n\n\n\n<p class=\"wp-block-paragraph\">La sede es la ciudad de Bruselas, B\u00e9lgica, en el evento Memorial Van Damme, en el estadio Rey Balduino a partir de las 2:09 p.m., hora dominicana.<\/p>\n\n\n\n<p class=\"wp-block-paragraph\">En el pa\u00eds, la carrera podr\u00e1 ser observada los sistemas de Panam Sports, Rush Sports, Sky Sports.<\/p>\n","protected":false},"excerpt":{"rendered":"<p>La n\u00famero uno del ranking mundial de su especialidad busca ganar la final de los<\/p>\n","protected":false},"author":1,"featured_media":29590,"comment_status":"open","ping_status":"open","sticky":false,"template":"","format":"standard","meta":{"footnotes":""},"categories":[14],"tags":[],"class_list":["post-29589","post","type-post","status-publish","format-standard","has-post-thumbnail","hentry","category-deportes"],"_links":{"self":[{"href":"https:\/\/samantharadionline.com\/index.php\/wp-json\/wp\/v2\/posts\/29589","targetHints":{"allow":["GET"]}}],"collection":[{"href":"https:\/\/samantharadionline.com\/index.php\/wp-json\/wp\/v2\/posts"}],"about":[{"href":"https:\/\/samantharadionline.com\/index.php\/wp-json\/wp\/v2\/types\/post"}],"author":[{"embeddable":true,"href":"https:\/\/samantharadionline.com\/index.php\/wp-json\/wp\/v2\/users\/1"}],"replies":[{"embeddable":true,"href":"https:\/\/samantharadionline.com\/index.php\/wp-json\/wp\/v2\/comments?post=29589"}],"version-history":[{"count":1,"href":"https:\/\/samantharadionline.com\/index.php\/wp-json\/wp\/v2\/posts\/29589\/revisions"}],"predecessor-version":[{"id":29591,"href":"https:\/\/samantharadionline.com\/index.php\/wp-json\/wp\/v2\/posts\/29589\/revisions\/29591"}],"wp:featuredmedia":[{"embeddable":true,"href":"https:\/\/samantharadionline.com\/index.php\/wp-json\/wp\/v2\/media\/29590"}],"wp:attachment":[{"href":"https:\/\/samantharadionline.com\/index.php\/wp-json\/wp\/v2\/media?parent=29589"}],"wp:term":[{"taxonomy":"category","embeddable":true,"href":"https:\/\/samantharadionline.com\/index.php\/wp-json\/wp\/v2\/categories?post=29589"},{"taxonomy":"post_tag","embeddable":true,"href":"https:\/\/samantharadionline.com\/index.php\/wp-json\/wp\/v2\/tags?post=29589"}],"curies":[{"name":"wp","href":"https:\/\/api.w.org\/{rel}","templated":true}]}}