{"id":29584,"date":"2026-09-05T10:11:56","date_gmt":"2026-09-05T14:11:56","guid":{"rendered":"https:\/\/samantharadionline.com\/?p=29584"},"modified":"2026-09-05T10:11:57","modified_gmt":"2026-09-05T14:11:57","slug":"otorgan-cuatro-meses-para-presentar-acusacion-en-caso-senasa-mantienen-en-prision-a-tres-imputados","status":"publish","type":"post","link":"https:\/\/samantharadionline.com\/index.php\/2026\/09\/05\/otorgan-cuatro-meses-para-presentar-acusacion-en-caso-senasa-mantienen-en-prision-a-tres-imputados\/","title":{"rendered":"Otorgan cuatro meses para presentar acusaci\u00f3n en caso Senasa; mantienen en prision a tres imputados"},"content":{"rendered":"\n<h2 class=\"wp-block-heading has-medium-font-size\"><em>Entre las actuaciones pendientes fueron se\u00f1alados interrogatorios a m\u00faltiples testigos, la obtenci\u00f3n de informes y peritajes de instituciones como la Superintendencia de Bancos y la Direcci\u00f3n General de Impuestos Internos, as\u00ed como otras diligencias relacionadas con organismos auxiliares de la investigaci\u00f3n<\/em><\/h2>\n\n\n\n<figure class=\"wp-block-image\"><img decoding=\"async\" src=\"https:\/\/listindiario.com\/files\/image_60_60\/uploads\/2023\/05\/11\/645d0fa7541ad.png\" alt=\"Avatar del Ram\u00f3n Cruz Benz\u00e1n\"\/><\/figure>\n\n\n\n<p class=\"wp-block-paragraph\"><strong><em>\u00a0<\/em>Ram\u00f3n Cruz Benz\u00e1n, Santo Domingo, RD<\/strong><\/p>\n\n\n\n<p class=\"wp-block-paragraph\">establecidos por la legislaci\u00f3n procesal.<\/p>\n\n\n\n<figure class=\"wp-block-image\" id=\"m30098-30097-30099\"><img decoding=\"async\" src=\"https:\/\/listindiario.com\/files\/vertical_main_image\/uploads\/2026\/09\/04\/6a9b3adee2eaa.jpeg\" alt=\"Imputados en caso Senasa\"\/><figcaption class=\"wp-element-caption\">Imputados en caso SenasaJorge Mart\u00ednez<\/figcaption><\/figure>\n\n\n\n<p class=\"wp-block-paragraph\">El juez record\u00f3 que el art\u00edculo 152 del&nbsp;<strong>C\u00f3digo Procesal Penal<\/strong>&nbsp;permite solicitar una extensi\u00f3n del plazo de la investigaci\u00f3n cuando exista una necesidad debidamente justificada, pero advirti\u00f3 que esta facultad debe analizarse tomando en consideraci\u00f3n el principio del plazo razonable, reconocido tanto por la normativa procesal como por la Constituci\u00f3n dominicana.<\/p>\n\n\n\n<p class=\"wp-block-paragraph\">Peguero precis\u00f3 que el proceso fue judicializado el 11 de diciembre de 2025, fecha en la que fueron impuestas las medidas de coerci\u00f3n a los imputados.<\/p>\n\n\n\n<p class=\"wp-block-paragraph\">Asimismo, se\u00f1al\u00f3 que el caso fue declarado complejo, por lo que, conforme a las disposiciones del C\u00f3digo Procesal Penal, los plazos ordinarios de investigaci\u00f3n fueron duplicados.<\/p>\n\n\n\n<p class=\"wp-block-paragraph\">En ese sentido, explic\u00f3 que el plazo para concluir el procedimiento preparatorio venc\u00eda el 11 de agosto de 2026 a las 12:00 de la medianoche, mientras que la solicitud de pr\u00f3rroga fue depositada ese mismo d\u00eda a las 10:42 de la ma\u00f1ana, por lo que fue presentada dentro del tiempo establecido por la ley.<\/p>\n\n\n\n<p class=\"wp-block-paragraph\">Al evaluar el fondo de la petici\u00f3n, el tribunal consider\u00f3 que el Ministerio P\u00fablico justific\u00f3 la necesidad de contar con m\u00e1s tiempo para completar diversas diligencias investigativas.<\/p>\n\n\n\n<p class=\"wp-block-paragraph\">Entre las actuaciones pendientes fueron se\u00f1alados interrogatorios a m\u00faltiples testigos, la obtenci\u00f3n de informes y peritajes de instituciones como la&nbsp;<strong>Superintendencia de Bancos<\/strong>&nbsp;y la&nbsp;<strong>Direcci\u00f3n General de Impuestos Internos<\/strong>&nbsp;(DGII), as\u00ed como otras diligencias relacionadas con organismos auxiliares de la investigaci\u00f3n.<\/p>\n\n\n\n<p class=\"wp-block-paragraph\">El Ministerio P\u00fablico tambi\u00e9n inform\u00f3 al tribunal que, durante uno de los allanamientos practicados en el marco del proceso, fueron ocupadas alrededor de 15,000 p\u00e1ginas de documentos, cuyo contenido se encuentra bajo an\u00e1lisis, incluyendo informaci\u00f3n de car\u00e1cter m\u00e9dico y financiero.<\/p>\n\n\n\n<p class=\"wp-block-paragraph\">A esto se suma un informe que realiza la Contralor\u00eda de la Procuradur\u00eda, para el cual, seg\u00fan fue explicado en audiencia, se requiri\u00f3 un per\u00edodo de aproximadamente 80 d\u00edas laborables.<\/p>\n\n\n\n<p class=\"wp-block-paragraph\">El \u00f3rgano acusador tambi\u00e9n indic\u00f3 que fueron ocupados equipos electr\u00f3nicos, entre ellos tel\u00e9fonos celulares y otros dispositivos, cuya informaci\u00f3n est\u00e1 pendiente de extracci\u00f3n y an\u00e1lisis t\u00e9cnico, conforme a las \u00f3rdenes judiciales emitidas para autorizar esas diligencias.<\/p>\n\n\n\n<h3 class=\"wp-block-heading\">Juez considera que la pr\u00f3rroga est\u00e1 justificada<\/h3>\n\n\n\n<p class=\"wp-block-paragraph\">Tras valorar los argumentos y documentos presentados, el juez Peguero concluy\u00f3 que la extensi\u00f3n solicitada estaba debidamente justificada.<\/p>\n\n\n\n<p class=\"wp-block-paragraph\">El magistrado consider\u00f3 que varias de las diligencias pendientes no dependen exclusivamente de la actuaci\u00f3n directa del Ministerio P\u00fablico, sino de la respuesta y el trabajo de distintas instituciones y organismos que participan como auxiliares de la investigaci\u00f3n.<\/p>\n\n\n\n<p class=\"wp-block-paragraph\">En ese contexto, sostuvo que resulta necesario garantizar al Ministerio P\u00fablico, que tiene la obligaci\u00f3n de investigar tanto los elementos de cargo como los de descargo, el tiempo suficiente para completar las diligencias pendientes, tomando en cuenta la magnitud y complejidad del proceso.<\/p>\n\n\n\n<p class=\"wp-block-paragraph\">Por esas razones, el tribunal acogi\u00f3 la solicitud y concedi\u00f3 la pr\u00f3rroga de&nbsp;<strong>cuatro meses&nbsp;<\/strong>para que el Ministerio P\u00fablico concluya la investigaci\u00f3n y proceda conforme corresponda en la etapa preparatoria.<\/p>\n\n\n\n<h3 class=\"wp-block-heading\">Mantiene prisi\u00f3n preventiva<\/h3>\n\n\n\n<p class=\"wp-block-paragraph\">Por otro lado, el juez rechaz\u00f3 la solicitud de variaci\u00f3n de la prisi\u00f3n preventiva presentada por los imputados Rafael Luis Mart\u00ednez Hazim, Francisco Iv\u00e1n Minaya P\u00e9rez y Ram\u00f3n Alan Speakler Mateo, al considerar que persisten las razones que justificaron la imposici\u00f3n de la medida de coerci\u00f3n.<\/p>\n\n\n\n<p class=\"wp-block-paragraph\">Peguero consider\u00f3 que la prisi\u00f3n preventiva contin\u00faa siendo&nbsp;<strong>id\u00f3nea, necesaria y proporcional<\/strong>, tomando en cuenta la naturaleza y novedad de los hechos investigados, as\u00ed como las razones que fueron ponderadas originalmente para imponer.<\/p>\n\n\n\n<p class=\"wp-block-paragraph\">Adem\u00e1s, figuran como acusados Gustavo Enrique Messina Cruz, Germ\u00e1n Rafael Robles Qui\u00f1ones, Ada Ledesma, Eduardo Read Estrella, Cinty Acosta Senci\u00f3n y Heidi Mariela Pineda Perdomo, quienes igualmente cumplen arresto domiciliario.<\/p>\n\n\n\n<p class=\"wp-block-paragraph\">Al grupo se le acusa de defraudar al Estado dominicano por m\u00e1s de&nbsp;<strong>15,000 millones de pesos<\/strong>, cifra que investigaciones posteriores han elevado a m\u00e1s de 19,000 millones de pesos. Seg\u00fan el Ministerio P\u00fablico, la red oper\u00f3 entre 2020 y 2025, afectando el sistema p\u00fablico de riesgos de salud.<\/p>\n\n\n\n<p class=\"wp-block-paragraph\">A los imputados se les atribuyen los delitos de coalici\u00f3n de funcionarios, prevaricaci\u00f3n, asociaci\u00f3n de malhechores, estafa contra el Estado dominicano, desfalco, cobro de sobornos, lavado de activos, y falsificaci\u00f3n y uso de documentos falsos.<\/p>\n","protected":false},"excerpt":{"rendered":"<p>Entre las actuaciones pendientes fueron se\u00f1alados interrogatorios a m\u00faltiples testigos, la obtenci\u00f3n de informes y<\/p>\n","protected":false},"author":1,"featured_media":0,"comment_status":"open","ping_status":"open","sticky":false,"template":"","format":"standard","meta":{"footnotes":""},"categories":[1],"tags":[],"class_list":["post-29584","post","type-post","status-publish","format-standard","hentry","category-blog"],"_links":{"self":[{"href":"https:\/\/samantharadionline.com\/index.php\/wp-json\/wp\/v2\/posts\/29584","targetHints":{"allow":["GET"]}}],"collection":[{"href":"https:\/\/samantharadionline.com\/index.php\/wp-json\/wp\/v2\/posts"}],"about":[{"href":"https:\/\/samantharadionline.com\/index.php\/wp-json\/wp\/v2\/types\/post"}],"author":[{"embeddable":true,"href":"https:\/\/samantharadionline.com\/index.php\/wp-json\/wp\/v2\/users\/1"}],"replies":[{"embeddable":true,"href":"https:\/\/samantharadionline.com\/index.php\/wp-json\/wp\/v2\/comments?post=29584"}],"version-history":[{"count":1,"href":"https:\/\/samantharadionline.com\/index.php\/wp-json\/wp\/v2\/posts\/29584\/revisions"}],"predecessor-version":[{"id":29585,"href":"https:\/\/samantharadionline.com\/index.php\/wp-json\/wp\/v2\/posts\/29584\/revisions\/29585"}],"wp:attachment":[{"href":"https:\/\/samantharadionline.com\/index.php\/wp-json\/wp\/v2\/media?parent=29584"}],"wp:term":[{"taxonomy":"category","embeddable":true,"href":"https:\/\/samantharadionline.com\/index.php\/wp-json\/wp\/v2\/categories?post=29584"},{"taxonomy":"post_tag","embeddable":true,"href":"https:\/\/samantharadionline.com\/index.php\/wp-json\/wp\/v2\/tags?post=29584"}],"curies":[{"name":"wp","href":"https:\/\/api.w.org\/{rel}","templated":true}]}}