{"id":29572,"date":"2026-09-04T12:10:36","date_gmt":"2026-09-04T16:10:36","guid":{"rendered":"https:\/\/samantharadionline.com\/?p=29572"},"modified":"2026-09-04T12:10:37","modified_gmt":"2026-09-04T16:10:37","slug":"raquel-pena-habla-sobre-altas-facturaciones-con-el-servicio-electrico-y-ahi-mismo-se-fue-la-luz","status":"publish","type":"post","link":"https:\/\/samantharadionline.com\/index.php\/2026\/09\/04\/raquel-pena-habla-sobre-altas-facturaciones-con-el-servicio-electrico-y-ahi-mismo-se-fue-la-luz\/","title":{"rendered":"Raquel Pe\u00f1a habla sobre altas facturaciones con el servicio el\u00e9ctrico y ah\u00ed mismo se fue la Luz"},"content":{"rendered":"\n<h2 class=\"wp-block-heading has-medium-font-size\"><em>El apag\u00f3n ocurri\u00f3 cuando Raquel Pe\u00f1a era consultada por los medios de comunicaci\u00f3n sobre las quejas que han expresado distintos ciudadanos y funcionarios por las altas facturaciones el\u00e9ctricas en sus servicios<\/em><\/h2>\n\n\n\n<figure class=\"wp-block-image\"><img decoding=\"async\" src=\"https:\/\/listindiario.com\/files\/image_60_60\/uploads\/2025\/11\/03\/690930036b86b.jpeg\" alt=\"Avatar del Josu\u00e9 Batista Ram\u00edrez\"\/><\/figure>\n\n\n\n<p class=\"wp-block-paragraph\"><strong><em>\u00a0<\/em>Josu\u00e9 Batista Ram\u00edrez, Santo Domingo, RD.\u00a0<\/strong><\/p>\n\n\n\n<p class=\"wp-block-paragraph\"><strong>\u201cSe fue la luz\u201d<\/strong>, fue la frase que emiti\u00f3 Raquel Pe\u00f1a, vicepresidenta de la Rep\u00fablica Dominicana, cuando&nbsp;<strong>se registr\u00f3 un fallo en el servicio el\u00e9ctrico<\/strong>&nbsp;durante el acto de inauguraci\u00f3n de la Expo Mercado de Valores 2026.<\/p>\n\n\n\n<p class=\"wp-block-paragraph\">El momento ocurri\u00f3 cuando&nbsp;<strong>era consultada&nbsp;<\/strong>por los medios de comunicaci\u00f3n sobre las&nbsp;<strong>quejas que han expresado distintos ciudadanos<\/strong>&nbsp;y funcionarios por las altas facturaciones el\u00e9ctricas en sus servicios.<\/p>\n\n\n\n<p class=\"wp-block-paragraph\">A pesar de la situaci\u00f3n, la vicemandataria explic\u00f3 que se debe realizar un&nbsp;<strong>an\u00e1lisis que brinde informaci\u00f3n y explicaci\u00f3n<\/strong>&nbsp;a la poblaci\u00f3n que ha sufrido el problema durante los \u00faltimos d\u00edas.<\/p>\n\n\n\n<p class=\"wp-block-paragraph\">\u201cYo creo que lo que se necesita es m\u00e1s informaci\u00f3n y entender a la poblaci\u00f3n porque entendemos c\u00f3mo es su carga en el bolsillo del presupuesto de la familia dominicana\u201d, indic\u00f3.<\/p>\n\n\n\n<p class=\"wp-block-paragraph\">Al ser abordada sobre si ha sufrido alg\u00fan inconveniente con su servicio el\u00e9ctrico, afirm\u00f3 que&nbsp;<strong>posee una \u201cpeculiaridad\u201d<\/strong>&nbsp;y esa es la de no usar tantos electrodom\u00e9sticos, debido a que no suele estar todo el d\u00eda en su residencia.<\/p>\n\n\n\n<p class=\"wp-block-paragraph\">Por eso, indic\u00f3 que se debe realizar un&nbsp;<strong>ejercicio para concientizar a la poblaci\u00f3n<\/strong>&nbsp;con el uso del suministro el\u00e9ctrico.<\/p>\n\n\n\n<p class=\"wp-block-paragraph\">\u201cEn la medida en que uno consume m\u00e1s, la tarifa sube a otro escal\u00f3n. Alguien tal vez deja algo en la casa\u2026 hay que seguir revisando el tema, es un tema muy delicado\u201d, revel\u00f3.<\/p>\n\n\n\n<p class=\"wp-block-paragraph\">Las declaraciones de Raquel Pe\u00f1a llegaron d\u00edas despu\u00e9s de que el presidente de la&nbsp;<strong>C\u00e1mara de Diputados, Alfredo Pacheco<\/strong>, expres\u00f3 sus quejas por altas facturaciones el\u00e9ctricas. Indic\u00f3 que 21,000 pesos y que ahora est\u00e1 pagando 31,000 pesos.<\/p>\n\n\n\n<p class=\"wp-block-paragraph\">Pacheco solicit\u00f3 a las empresas distribuidoras de electricidad (EDEs) que investiguen las razones del hecho.<\/p>\n\n\n\n<p class=\"wp-block-paragraph\"><strong>Mercado de valores<\/strong><\/p>\n\n\n\n<p class=\"wp-block-paragraph\">Por otro lado, habl\u00f3 sobre la celebraci\u00f3n de la&nbsp;<strong>Expo Mercado de Valores 2026<\/strong>&nbsp;y expres\u00f3 que el evento es \u201cimportante para el desarrollo de la Rep\u00fablica Dominicana\u201d.<\/p>\n\n\n\n<p class=\"wp-block-paragraph\">\u201cToda la poblaci\u00f3n, los empresarios, el Gobierno est\u00e1n comprometidos en seguir promoviendo el mercado de valores. Vamos a seguir apoyando para seguir desarroll\u00e1ndolo\u201d, asever\u00f3.<\/p>\n","protected":false},"excerpt":{"rendered":"<p>El apag\u00f3n ocurri\u00f3 cuando Raquel Pe\u00f1a era consultada por los medios de comunicaci\u00f3n sobre las<\/p>\n","protected":false},"author":1,"featured_media":29573,"comment_status":"open","ping_status":"open","sticky":false,"template":"","format":"standard","meta":{"footnotes":""},"categories":[12],"tags":[],"class_list":["post-29572","post","type-post","status-publish","format-standard","has-post-thumbnail","hentry","category-nacionales"],"_links":{"self":[{"href":"https:\/\/samantharadionline.com\/index.php\/wp-json\/wp\/v2\/posts\/29572","targetHints":{"allow":["GET"]}}],"collection":[{"href":"https:\/\/samantharadionline.com\/index.php\/wp-json\/wp\/v2\/posts"}],"about":[{"href":"https:\/\/samantharadionline.com\/index.php\/wp-json\/wp\/v2\/types\/post"}],"author":[{"embeddable":true,"href":"https:\/\/samantharadionline.com\/index.php\/wp-json\/wp\/v2\/users\/1"}],"replies":[{"embeddable":true,"href":"https:\/\/samantharadionline.com\/index.php\/wp-json\/wp\/v2\/comments?post=29572"}],"version-history":[{"count":1,"href":"https:\/\/samantharadionline.com\/index.php\/wp-json\/wp\/v2\/posts\/29572\/revisions"}],"predecessor-version":[{"id":29574,"href":"https:\/\/samantharadionline.com\/index.php\/wp-json\/wp\/v2\/posts\/29572\/revisions\/29574"}],"wp:featuredmedia":[{"embeddable":true,"href":"https:\/\/samantharadionline.com\/index.php\/wp-json\/wp\/v2\/media\/29573"}],"wp:attachment":[{"href":"https:\/\/samantharadionline.com\/index.php\/wp-json\/wp\/v2\/media?parent=29572"}],"wp:term":[{"taxonomy":"category","embeddable":true,"href":"https:\/\/samantharadionline.com\/index.php\/wp-json\/wp\/v2\/categories?post=29572"},{"taxonomy":"post_tag","embeddable":true,"href":"https:\/\/samantharadionline.com\/index.php\/wp-json\/wp\/v2\/tags?post=29572"}],"curies":[{"name":"wp","href":"https:\/\/api.w.org\/{rel}","templated":true}]}}