{"id":29565,"date":"2026-09-04T11:08:17","date_gmt":"2026-09-04T15:08:17","guid":{"rendered":"https:\/\/samantharadionline.com\/?p=29565"},"modified":"2026-09-04T11:08:17","modified_gmt":"2026-09-04T15:08:17","slug":"itamar-ben-gvir-ministro-de-seguridad-nacional-y-figura-de-la-extrema-derecha-israeli-lleva-a-cabo-una-campana-electoral-de-gran-violencia-de-cara-a-las-elecciones-legislativas-del-27-de-octubre","status":"publish","type":"post","link":"https:\/\/samantharadionline.com\/index.php\/2026\/09\/04\/itamar-ben-gvir-ministro-de-seguridad-nacional-y-figura-de-la-extrema-derecha-israeli-lleva-a-cabo-una-campana-electoral-de-gran-violencia-de-cara-a-las-elecciones-legislativas-del-27-de-octubre\/","title":{"rendered":"Itamar Ben-Gvir, ministro de Seguridad Nacional y figura de la extrema derecha israel\u00ed, lleva a cabo una campa\u00f1a electoral de gran violencia de cara a las elecciones legislativas del 27 de octubre."},"content":{"rendered":"\n<p class=\"has-medium-font-size wp-block-paragraph\"><em>En el centro de su programa, aboga, entre otras cosas, por conceder m\u00e1s armas a los israel\u00edes jud\u00edos y por aplicar la pena de muerte a los palestinos acusados de terrorismo. Este jueves, present\u00f3 un plan destinado a vaciar la Franja de Gaza de su poblaci\u00f3n palestina<\/em><\/p>\n\n\n\n<p class=\"wp-block-paragraph\"><strong>Por: RFI<\/strong><\/p>\n\n\n\n<p class=\"wp-block-paragraph\"><em>Con la corresponsal de RFI en Jerusal\u00e9n, Fr\u00e9d\u00e9rique Misslin<\/em><\/p>\n\n\n\n<p class=\"wp-block-paragraph\">El plan de Itamar Ben-Gvir, de 20 p\u00e1ginas, prev\u00e9 la salida de 250.000 palestinos de Gaza durante el primer a\u00f1o, y de 1,8 millones en siete a\u00f1os. Su partido, Otzma Yehudit (\u201cFuerza Jud\u00eda\u201d), promete ayudas y vivienda a quienes acepten marcharse.<\/p>\n\n\n\n<p class=\"wp-block-paragraph\">\u201cEn lugar de cavar t\u00faneles, es hora de hacer las maletas\u201d, declar\u00f3 el ministro de Seguridad Nacional, pilar de la coalici\u00f3n gobernante en Israel. El l\u00edder de extrema derecha, que suele hacer comentarios racistas, afirma adem\u00e1s que varios pa\u00edses est\u00e1n dispuestos a acoger a estos palestinos, sin precisar cu\u00e1les.<\/p>\n\n\n\n<p class=\"wp-block-paragraph\"><strong>\u201cA la fuerza, no\u201d<\/strong><\/p>\n\n\n\n<p class=\"wp-block-paragraph\">Karine Hattab, responsable de la campa\u00f1a de Otzma Yehudit para la secci\u00f3n franc\u00f3fona, asegura que nadie se ver\u00e1 obligado a abandonar Gaza: \u201cEvidentemente, estamos a favor de que los habitantes de Gaza que quieran marcharse por voluntad propia puedan hacerlo y de que se les ayude a marcharse. A la fuerza, no\u201d.<\/p>\n\n\n\n<p class=\"wp-block-paragraph\">Sin embargo, a\u00f1ade que los habitantes de Gaza no tendr\u00e1n otra opci\u00f3n: \u201cQuiz\u00e1 no haya sitio suficiente para ellos\u201d. Seg\u00fan Hattab, \u201cser\u00e1 complicado\u201d que israel\u00edes y palestinos convivan en el mismo territorio. Est\u00e1 en juego \u201cnuestra seguridad\u201d, insiste.<\/p>\n\n\n\n<p class=\"wp-block-paragraph\">El desplazamiento forzoso de la poblaci\u00f3n civil constituye un crimen de guerra seg\u00fan el derecho internacional. Unos 73.000 palestinos han sido asesinados por el ej\u00e9rcito israel\u00ed desde la masacre del 7 de octubre de 2023, perpetrada por Ham\u00e1s, y el inicio de la guerra en Gaza.<\/p>\n","protected":false},"excerpt":{"rendered":"<p>En el centro de su programa, aboga, entre otras cosas, por conceder m\u00e1s armas a<\/p>\n","protected":false},"author":1,"featured_media":29566,"comment_status":"open","ping_status":"open","sticky":false,"template":"","format":"standard","meta":{"footnotes":""},"categories":[4],"tags":[],"class_list":["post-29565","post","type-post","status-publish","format-standard","has-post-thumbnail","hentry","category-mundiales"],"_links":{"self":[{"href":"https:\/\/samantharadionline.com\/index.php\/wp-json\/wp\/v2\/posts\/29565","targetHints":{"allow":["GET"]}}],"collection":[{"href":"https:\/\/samantharadionline.com\/index.php\/wp-json\/wp\/v2\/posts"}],"about":[{"href":"https:\/\/samantharadionline.com\/index.php\/wp-json\/wp\/v2\/types\/post"}],"author":[{"embeddable":true,"href":"https:\/\/samantharadionline.com\/index.php\/wp-json\/wp\/v2\/users\/1"}],"replies":[{"embeddable":true,"href":"https:\/\/samantharadionline.com\/index.php\/wp-json\/wp\/v2\/comments?post=29565"}],"version-history":[{"count":1,"href":"https:\/\/samantharadionline.com\/index.php\/wp-json\/wp\/v2\/posts\/29565\/revisions"}],"predecessor-version":[{"id":29567,"href":"https:\/\/samantharadionline.com\/index.php\/wp-json\/wp\/v2\/posts\/29565\/revisions\/29567"}],"wp:featuredmedia":[{"embeddable":true,"href":"https:\/\/samantharadionline.com\/index.php\/wp-json\/wp\/v2\/media\/29566"}],"wp:attachment":[{"href":"https:\/\/samantharadionline.com\/index.php\/wp-json\/wp\/v2\/media?parent=29565"}],"wp:term":[{"taxonomy":"category","embeddable":true,"href":"https:\/\/samantharadionline.com\/index.php\/wp-json\/wp\/v2\/categories?post=29565"},{"taxonomy":"post_tag","embeddable":true,"href":"https:\/\/samantharadionline.com\/index.php\/wp-json\/wp\/v2\/tags?post=29565"}],"curies":[{"name":"wp","href":"https:\/\/api.w.org\/{rel}","templated":true}]}}