{"id":29561,"date":"2026-09-04T10:59:03","date_gmt":"2026-09-04T14:59:03","guid":{"rendered":"https:\/\/samantharadionline.com\/?p=29561"},"modified":"2026-09-04T10:59:04","modified_gmt":"2026-09-04T14:59:04","slug":"a-partir-de-este-viernes-el-gobierno-de-giorgia-meloni-es-el-mas-longevo-de-los-80-anos-de-historia-de-la-republica-italiana-1-413-dias-es-decir-casi-cuatro-anos","status":"publish","type":"post","link":"https:\/\/samantharadionline.com\/index.php\/2026\/09\/04\/a-partir-de-este-viernes-el-gobierno-de-giorgia-meloni-es-el-mas-longevo-de-los-80-anos-de-historia-de-la-republica-italiana-1-413-dias-es-decir-casi-cuatro-anos\/","title":{"rendered":"A partir de este viernes, el gobierno de Giorgia Meloni es el m\u00e1s longevo de los 80 a\u00f1os de historia de la Rep\u00fablica italiana: 1.413 d\u00edas, es decir, casi cuatro a\u00f1os"},"content":{"rendered":"\n<p class=\"has-medium-font-size wp-block-paragraph\"><em>Sobre las claves de este hito, el informe de nuestro corresponsal en Roma, Federico Guiglia<\/em><\/p>\n\n\n\n<p class=\"wp-block-paragraph\">Por:Federico Guiglia (Italia)<\/p>\n\n\n\n<p class=\"wp-block-paragraph\">Giorgia Meloni, primera mujer en dirigir un gobierno italiano, celebra este viernes su r\u00e9cord de longevidad en el cargo desde el final de la Segunda Guerra Mundial.<\/p>\n\n\n\n<p class=\"wp-block-paragraph\">Es un r\u00e9cord importante, pues Italia estaba acostumbrada a gobiernos que duraban en promedio un a\u00f1o y dos meses, es decir, una inestabilidad pol\u00edtica permanente. Es una marca que concierne&nbsp;cu\u00e1ntos d\u00edas seguidos ha durado un mismo gobierno sin caer ni ser reemplazado.<\/p>\n\n\n\n<p class=\"wp-block-paragraph\">Econom\u00eda y pol\u00edtica exterior son las claves del \u00e9xito de la primera mujer que obtiene un r\u00e9cord que antes solo persegu\u00edan hombres. Ni siquiera Silvio Berlusconi pudo alcanzarlo en sus cuatro gobiernos.<\/p>\n\n\n\n<p class=\"wp-block-paragraph\">La estabilidad es hija de una pol\u00edtica econ\u00f3mica prudente, valorada favorablemente por todas las instituciones internacionales y los mercados financieros. En Italia produjo un r\u00e9cord de personas ocupadas: 24,3 millones de trabajadores en total, de los cuales 1.300.000 durante los cuatro a\u00f1os de Meloni y de su gobierno de derecha.<\/p>\n\n\n\n<p class=\"wp-block-paragraph\">En el exterior, la pol\u00edtica de la primera ministra sigui\u00f3 el camino europeo de Mario Draghi, siempre al lado de una Ucrania asediada.<\/p>\n\n\n\n<p class=\"wp-block-paragraph\">Inflexible en materia de inmigraci\u00f3n, Meloni critic\u00f3, por ejemplo, la pol\u00edtica del primer ministro espa\u00f1ol, Pedro S\u00e1nchez, despu\u00e9s de los hechos de Ceuta. En Italia se vota el a\u00f1o que viene y la oposici\u00f3n de centroizquierda tendr\u00e1 que unirse para tratar de ganarle al gobierno unido de centroderecha, con un nuevo adversario en su extrema derecha: el general Roberto Vannacci.<\/p>\n\n\n\n<p class=\"wp-block-paragraph\">Hermanos de Italia ha preparado un cuadernillo de treinta p\u00e1ginas para presumir de los logros de este gobierno en algo menos de cuatro a\u00f1os: un desempleo que cay\u00f3 a un m\u00ednimo del 5,8 % en julio, un recorte de impuestos de 21.000 millones de euros en favor de los particulares, una ca\u00edda del 80 % en la llegada de inmigrantes irregulares&#8230;<\/p>\n\n\n\n<p class=\"wp-block-paragraph\">Seg\u00fan un recuento de la agencia AGI, la mayor\u00eda ultraconservadora formada por Hermanos de Italia, la Liga antimigraci\u00f3n de Matteo Salvini y Forza Italia adopt\u00f3 unas 300 leyes y decretos leyes, a menudo recurriendo al voto de confianza.<\/p>\n\n\n\n<p class=\"wp-block-paragraph\">La mayor\u00eda de esas leyes tiene que ver con la seguridad en el sentido amplio del t\u00e9rmino y va dirigida a la inmigraci\u00f3n, los traficantes de personas, los delincuentes menores, los participantes en fiestas &#8216;rave&#8217; e incluso los manifestantes que bloquean una carretera para protestar contra despidos. Temas todos muy apreciados por la base electoral del gobierno de coalici\u00f3n.<\/p>\n\n\n\n<p class=\"wp-block-paragraph\"><em>Con informaci\u00f3n de la AFP.<\/em><\/p>\n","protected":false},"excerpt":{"rendered":"<p>Sobre las claves de este hito, el informe de nuestro corresponsal en Roma, Federico Guiglia<\/p>\n","protected":false},"author":1,"featured_media":29562,"comment_status":"open","ping_status":"open","sticky":false,"template":"","format":"standard","meta":{"footnotes":""},"categories":[4],"tags":[],"class_list":["post-29561","post","type-post","status-publish","format-standard","has-post-thumbnail","hentry","category-mundiales"],"_links":{"self":[{"href":"https:\/\/samantharadionline.com\/index.php\/wp-json\/wp\/v2\/posts\/29561","targetHints":{"allow":["GET"]}}],"collection":[{"href":"https:\/\/samantharadionline.com\/index.php\/wp-json\/wp\/v2\/posts"}],"about":[{"href":"https:\/\/samantharadionline.com\/index.php\/wp-json\/wp\/v2\/types\/post"}],"author":[{"embeddable":true,"href":"https:\/\/samantharadionline.com\/index.php\/wp-json\/wp\/v2\/users\/1"}],"replies":[{"embeddable":true,"href":"https:\/\/samantharadionline.com\/index.php\/wp-json\/wp\/v2\/comments?post=29561"}],"version-history":[{"count":1,"href":"https:\/\/samantharadionline.com\/index.php\/wp-json\/wp\/v2\/posts\/29561\/revisions"}],"predecessor-version":[{"id":29563,"href":"https:\/\/samantharadionline.com\/index.php\/wp-json\/wp\/v2\/posts\/29561\/revisions\/29563"}],"wp:featuredmedia":[{"embeddable":true,"href":"https:\/\/samantharadionline.com\/index.php\/wp-json\/wp\/v2\/media\/29562"}],"wp:attachment":[{"href":"https:\/\/samantharadionline.com\/index.php\/wp-json\/wp\/v2\/media?parent=29561"}],"wp:term":[{"taxonomy":"category","embeddable":true,"href":"https:\/\/samantharadionline.com\/index.php\/wp-json\/wp\/v2\/categories?post=29561"},{"taxonomy":"post_tag","embeddable":true,"href":"https:\/\/samantharadionline.com\/index.php\/wp-json\/wp\/v2\/tags?post=29561"}],"curies":[{"name":"wp","href":"https:\/\/api.w.org\/{rel}","templated":true}]}}