{"id":29558,"date":"2026-09-04T10:45:10","date_gmt":"2026-09-04T14:45:10","guid":{"rendered":"https:\/\/samantharadionline.com\/?p=29558"},"modified":"2026-09-04T10:45:11","modified_gmt":"2026-09-04T14:45:11","slug":"empresas-de-telecomunicaciones-solicitan-inclusion-en-reforma-de-ley","status":"publish","type":"post","link":"https:\/\/samantharadionline.com\/index.php\/2026\/09\/04\/empresas-de-telecomunicaciones-solicitan-inclusion-en-reforma-de-ley\/","title":{"rendered":"Empresas de telecomunicaciones solicitan inclusi\u00f3n en   reforma de ley"},"content":{"rendered":"\n<h2 class=\"wp-block-heading has-medium-font-size\"><em>El grupo compuesto por Altice, Claro, Wind Telecom, Onemax, Phoenix Tower Internacional, sostuvo que la modificaci\u00f3n de la pieza no es de urgencia en el pa\u00eds, lo que les representa una oportunidad \u201cexcelente de agotar un proceso de revisi\u00f3n que cumpla con el mayor rigor posible\u201d.<\/em><\/h2>\n\n\n\n<p class=\"wp-block-paragraph\"><strong>Santo Domingo, RD.<\/strong><\/p>\n\n\n\n<p class=\"wp-block-paragraph\">Tras varias horas de que el Instituto Dominicano de Telecomunicaciones (Indotel) presentara el borrador que busca modificar su marco regulador, la Asociaci\u00f3n de Empresas de Comunicaci\u00f3n y Tecnolog\u00eda (COMTEC) emiti\u00f3 un comunicado solicitando sean incluidas en la reforma para aportar experiencias que contribuyan&nbsp;<strong>\u201ca una legislaci\u00f3n moderna, equilibrada y sostenible\u201d.<\/strong><\/p>\n\n\n\n<p class=\"wp-block-paragraph\">El grupo compuesto por Altice, Claro, Wind Telecom, Onemax, Phoenix Tower Internacional sostuvo que la modificaci\u00f3n de&nbsp;<strong>la pieza no es de urgencia en el pa\u00eds,<\/strong>&nbsp;lo que les representa una oportunidad \u201cexcelente de agotar un proceso de revisi\u00f3n que cumpla con el mayor rigor posible\u201d.<\/p>\n\n\n\n<p class=\"wp-block-paragraph\">\u201cLa capacidad de un pa\u00eds para atraer nuevas inversiones tambi\u00e9n se fortalece cuando quienes ya confiaron en \u00e9l encuentran condiciones para permanecer, ampliar sus operaciones y continuar invirtiendo\u201d, dice el comunicado firmado por Claudia Garc\u00eda, directora de COMTEC.<\/p>\n\n\n\n<p class=\"wp-block-paragraph\"><strong>A continuaci\u00f3n, el comunicado \u00edntegro:<\/strong><\/p>\n\n\n\n<p class=\"wp-block-paragraph\"><em>El sector de telecomunicaciones aboga por una reforma construida sobre el di\u00e1logo y la participaci\u00f3n.<\/em><\/p>\n\n\n\n<p class=\"wp-block-paragraph\">COMTEC considera que una reforma de esta importancia debe construirse mediante&nbsp;<strong>un proceso abierto y profundo de di\u00e1logo y participaci\u00f3n<\/strong>, que permita conocer las distintas perspectivas, evaluar el impacto de las propuestas y aprovechar la experiencia acumulada por quienes durante d\u00e9cadas han desarrollado y operado las redes y servicios de telecomunicaciones del pa\u00eds.<\/p>\n\n\n\n<p class=\"wp-block-paragraph\">\u00abModernizar la ley representa una oportunidad para el pa\u00eds. Para aprovecharla plenamente, entendemos que es importante construir las nuevas reglas a trav\u00e9s del di<strong>\u00e1logo, escuchando a los distintos actores y evaluando cuidadosamente su impacto.<\/strong>&nbsp;Las empresas que operan e invierten en el sector pueden aportar experiencia acumulada tanto a nivel local como internacional y conocimiento t\u00e9cnico para contribuir a una legislaci\u00f3n moderna, equilibrada y sostenible. Afortunadamente,<strong>&nbsp;no existen condiciones en la ley actual que ameriten cambios urgentes<\/strong>, por lo que tenemos una oportunidad excelente de agotar un proceso de revisi\u00f3n que cumpla con el mayor rigor posible.\u00bb, expres\u00f3 Claudia Garc\u00eda, directora de COMTEC.<\/p>\n\n\n\n<p class=\"wp-block-paragraph\"><strong>Reglas claras para continuar invirtiendo<\/strong><\/p>\n\n\n\n<p class=\"wp-block-paragraph\">Las telecomunicaciones son una infraestructura esencial para el desarrollo econ\u00f3mico y social. De sus redes dependen actividades cotidianas como estudiar, trabajar, realizar operaciones comerciales y financieras, acceder a servicios p\u00fablicos, desarrollar empresas y mantener conectados a todos los dominicanos.<\/p>\n\n\n\n<p class=\"wp-block-paragraph\">Por ello, las decisiones que se adopten en la nueva legislaci\u00f3n tendr\u00e1n efectos que trascender\u00e1n a las empresas del sector. Incidir\u00e1n sobre la conectividad del pa\u00eds, la experiencia de los usuarios, la competencia y las inversiones necesarias para preservar<strong>&nbsp;la calidad de clase mundial que hoy disfruta Rep\u00fablica Dominicana, continuar expandiendo las redes&nbsp;<\/strong>incorporando nuevas tecnolog\u00edas y capacidades.<\/p>\n\n\n\n<p class=\"wp-block-paragraph\">COMTEC considera que un marco regulatorio moderno debe promover&nbsp;<strong>condiciones de competencia justa y equitativa, con reglas claras y conocidas para todos los participantes del mercado<\/strong>, y ofrecer la seguridad jur\u00eddica y la predictibilidad necesarias para atraer nuevas inversiones y generar confianza para que las empresas que ya han invertido en Rep\u00fablica Dominicana contin\u00faen haci\u00e9ndolo.<\/p>\n\n\n\n<p class=\"wp-block-paragraph\">Para la asociaci\u00f3n, ambos objetivos son complementarios. La capacidad de un pa\u00eds para&nbsp;<strong>atraer nuevas inversiones tambi\u00e9n se fortalece cuando quienes ya confiaron en \u00e9l<\/strong>&nbsp;encuentran condiciones para permanecer, ampliar sus operaciones y continuar invirtiendo.<\/p>\n\n\n\n<p class=\"wp-block-paragraph\">COMTEC manifest\u00f3 su disposici\u00f3n a aportar la experiencia y&nbsp;<strong>conocimiento de sus empresas miembros<\/strong>&nbsp;y confi\u00f3 en que el proyecto anunciado sea compartido oportunamente con los actores del sector.<\/p>\n\n\n\n<p class=\"wp-block-paragraph\">\u00abEl objetivo debe ser construir una ley que responda a los cambios tecnol\u00f3gicos, fortalezca la competencia y conserve su esencia, la cual ha contribuido al&nbsp;<strong>desarrollo alcanzado por Rep\u00fablica Dominicana,<\/strong>&nbsp;creando las condiciones para continuar avanzando en conectividad. Una reforma construida con di\u00e1logo y participaci\u00f3n tendr\u00e1 mayores posibilidades de generar reglas equilibradas, sostenibles y beneficiosas para el pa\u00eds y sus ciudadanos\u00bb, concluy\u00f3 Claudia Garc\u00eda.<\/p>\n","protected":false},"excerpt":{"rendered":"<p>El grupo compuesto por Altice, Claro, Wind Telecom, Onemax, Phoenix Tower Internacional, sostuvo que la<\/p>\n","protected":false},"author":1,"featured_media":29559,"comment_status":"open","ping_status":"open","sticky":false,"template":"","format":"standard","meta":{"footnotes":""},"categories":[10],"tags":[],"class_list":["post-29558","post","type-post","status-publish","format-standard","has-post-thumbnail","hentry","category-economica"],"_links":{"self":[{"href":"https:\/\/samantharadionline.com\/index.php\/wp-json\/wp\/v2\/posts\/29558","targetHints":{"allow":["GET"]}}],"collection":[{"href":"https:\/\/samantharadionline.com\/index.php\/wp-json\/wp\/v2\/posts"}],"about":[{"href":"https:\/\/samantharadionline.com\/index.php\/wp-json\/wp\/v2\/types\/post"}],"author":[{"embeddable":true,"href":"https:\/\/samantharadionline.com\/index.php\/wp-json\/wp\/v2\/users\/1"}],"replies":[{"embeddable":true,"href":"https:\/\/samantharadionline.com\/index.php\/wp-json\/wp\/v2\/comments?post=29558"}],"version-history":[{"count":1,"href":"https:\/\/samantharadionline.com\/index.php\/wp-json\/wp\/v2\/posts\/29558\/revisions"}],"predecessor-version":[{"id":29560,"href":"https:\/\/samantharadionline.com\/index.php\/wp-json\/wp\/v2\/posts\/29558\/revisions\/29560"}],"wp:featuredmedia":[{"embeddable":true,"href":"https:\/\/samantharadionline.com\/index.php\/wp-json\/wp\/v2\/media\/29559"}],"wp:attachment":[{"href":"https:\/\/samantharadionline.com\/index.php\/wp-json\/wp\/v2\/media?parent=29558"}],"wp:term":[{"taxonomy":"category","embeddable":true,"href":"https:\/\/samantharadionline.com\/index.php\/wp-json\/wp\/v2\/categories?post=29558"},{"taxonomy":"post_tag","embeddable":true,"href":"https:\/\/samantharadionline.com\/index.php\/wp-json\/wp\/v2\/tags?post=29558"}],"curies":[{"name":"wp","href":"https:\/\/api.w.org\/{rel}","templated":true}]}}