{"id":29554,"date":"2026-09-04T10:41:50","date_gmt":"2026-09-04T14:41:50","guid":{"rendered":"https:\/\/samantharadionline.com\/?p=29554"},"modified":"2026-09-04T10:41:50","modified_gmt":"2026-09-04T14:41:50","slug":"escuela-de-monte-cristi-esta-en-mal-estado","status":"publish","type":"post","link":"https:\/\/samantharadionline.com\/index.php\/2026\/09\/04\/escuela-de-monte-cristi-esta-en-mal-estado\/","title":{"rendered":"Escuela de Monte Cristi est\u00e1 en mal estado"},"content":{"rendered":"\n<h2 class=\"wp-block-heading has-medium-font-size\"><em>Agreg\u00f3 que la escuela fue construida hace mucho tiempo y que \u201cesto no tiene columna, no tiene varilla, esto est\u00e1 deteriorado por todas las partes\u201d<\/em><\/h2>\n\n\n\n<figure class=\"wp-block-image\"><img decoding=\"async\" src=\"https:\/\/listindiario.com\/files\/image_60_60\/uploads\/2024\/01\/03\/6595dbcf057b9.jpeg\" alt=\"Avatar del Nicole Collado\"\/><\/figure>\n\n\n\n<p class=\"wp-block-paragraph\"><strong><em>\u00a0<\/em>Nicole Collado, Guayub\u00edn, Monte Cristi, RD\u00a0<\/strong><\/p>\n\n\n\n<p class=\"wp-block-paragraph\">En la Escuela Primaria&nbsp;<strong>Agua de Luis<\/strong>, ubicada en la comunidad de Agua de Luis de la provincia Monte Cristi, un grupo de padres denunci\u00f3 que temen por la vida de sus hijos y los maestros que imparten docencia en ella, debido al deterioro que ha presentado este centro educativo.<\/p>\n\n\n\n<p class=\"wp-block-paragraph\">\u201cNosotros tememos por la vida de nuestros hijos y los maestros de esta escuela de&nbsp;<strong>Agua de Luis,&nbsp;<\/strong>ya que esta escuela tiene mucho deterioro, se est\u00e1 cayendo\u2026 a nosotros nos agarra un temblor aqu\u00ed en esta escuela o un terremoto, Dios nos libre, pues tenemos la vida de nuestros ni\u00f1os y de los maestros en peligro\u201d, denunci\u00f3 una de las madres.<\/p>\n\n\n\n<p class=\"wp-block-paragraph\">Agreg\u00f3 que la escuela fue construida hace&nbsp;<strong>mucho tiempo<\/strong>&nbsp;y que \u201cesto no tiene columna, no tiene varilla, esto est\u00e1 deteriorado por todas las partes\u201d.<\/p>\n\n\n\n<p class=\"wp-block-paragraph\">En este plantel escolar perteneciente al&nbsp;<strong>Distrito Educativo 13-02<\/strong>&nbsp;de&nbsp;<strong>Guayub\u00edn,&nbsp;<\/strong>76 estudiantes conviven en pisos rotos, con orificios y grietas que llegan hasta las paredes, que en muchas partes tienen huecos.&nbsp;<\/p>\n\n\n\n<p class=\"wp-block-paragraph\">El ba\u00f1o no es como el com\u00fan que deber\u00eda tener una escuela, es una letrina apartada del plantel, hecho de una madera azul desgastada y techo de zinc. A este centro educativo le rodean las grietas, sus pobladores lo describen como algo que est\u00e1 en todas partes, adem\u00e1s de ventanas rotas y en mal estado.&nbsp;<\/p>\n\n\n\n<p class=\"wp-block-paragraph\">La<strong>&nbsp;Asociaci\u00f3n Dominicana de Profesores (ADP)<\/strong>&nbsp;decidi\u00f3 implementar una serie de medidas respecto a la jornada escolar en varios centros educativos de&nbsp;<strong>Guayub\u00edn<\/strong>&nbsp;ante la situaci\u00f3n que se vive en este y otros planteles de la zona.<\/p>\n\n\n\n<p class=\"wp-block-paragraph\">Mientras que otros, como la&nbsp;<strong>Escuela Do\u00f1a Antonia<\/strong>, el Liceo Juliana Esperanza Ram\u00edrez, la Escuela El Papayo, la Villa Lobos Abajo, la Primaria Agua de Luis, Centro Educativo La Divisoria y la Rosa Emilia Rodr\u00edguez la docencia no est\u00e1 siendo impartida.<\/p>\n\n\n\n<p class=\"wp-block-paragraph\">La<strong>&nbsp;ADP&nbsp;<\/strong>detall\u00f3 que este horario se mantendr\u00e1 vigente hasta que el Distrito Educativo de respuesta favorable a las peticiones presentadas por este gremio sobre la falta de personal docente, la asignaci\u00f3n justa del personal, \u201cdebido a que se est\u00e1n recibiendo docentes contratados que est\u00e1n siendo ubicados en plazas donde no son necesarios\u201d.<\/p>\n\n\n\n<p class=\"wp-block-paragraph\">Exigieron a&nbsp;<strong>las autoridades educativas<\/strong>&nbsp;la atenci\u00f3n prioritaria a las solicitudes presentadas desde el a\u00f1o pasado por la seccional 13-02, espec\u00edficamente el cumplimiento de la&nbsp;<strong>Orden Departamental&nbsp;<\/strong>02-2019.<\/p>\n\n\n\n<h3 class=\"wp-block-heading\">Modifican horario&nbsp;<\/h3>\n\n\n\n<p class=\"wp-block-paragraph\">El horario de salida general fue modificado temporalmente, la jornada escolar en las escuelas se desarrollar\u00e1 hasta las 2:00 de la tarde, en esto tambi\u00e9n se incluyen los polit\u00e9cnicos. En el caso de la Escuela R\u00edo Viejo, la docencia de la primera tanda ser\u00e1 hasta las 11:00 de la ma\u00f1ana y la segunda tanda hasta las 4:30 de la tarde.<\/p>\n\n\n\n<p class=\"wp-block-paragraph\"><\/p>\n","protected":false},"excerpt":{"rendered":"<p>Agreg\u00f3 que la escuela fue construida hace mucho tiempo y que \u201cesto no tiene columna,<\/p>\n","protected":false},"author":1,"featured_media":29556,"comment_status":"open","ping_status":"open","sticky":false,"template":"","format":"standard","meta":{"footnotes":""},"categories":[12],"tags":[],"class_list":["post-29554","post","type-post","status-publish","format-standard","has-post-thumbnail","hentry","category-nacionales"],"_links":{"self":[{"href":"https:\/\/samantharadionline.com\/index.php\/wp-json\/wp\/v2\/posts\/29554","targetHints":{"allow":["GET"]}}],"collection":[{"href":"https:\/\/samantharadionline.com\/index.php\/wp-json\/wp\/v2\/posts"}],"about":[{"href":"https:\/\/samantharadionline.com\/index.php\/wp-json\/wp\/v2\/types\/post"}],"author":[{"embeddable":true,"href":"https:\/\/samantharadionline.com\/index.php\/wp-json\/wp\/v2\/users\/1"}],"replies":[{"embeddable":true,"href":"https:\/\/samantharadionline.com\/index.php\/wp-json\/wp\/v2\/comments?post=29554"}],"version-history":[{"count":1,"href":"https:\/\/samantharadionline.com\/index.php\/wp-json\/wp\/v2\/posts\/29554\/revisions"}],"predecessor-version":[{"id":29557,"href":"https:\/\/samantharadionline.com\/index.php\/wp-json\/wp\/v2\/posts\/29554\/revisions\/29557"}],"wp:featuredmedia":[{"embeddable":true,"href":"https:\/\/samantharadionline.com\/index.php\/wp-json\/wp\/v2\/media\/29556"}],"wp:attachment":[{"href":"https:\/\/samantharadionline.com\/index.php\/wp-json\/wp\/v2\/media?parent=29554"}],"wp:term":[{"taxonomy":"category","embeddable":true,"href":"https:\/\/samantharadionline.com\/index.php\/wp-json\/wp\/v2\/categories?post=29554"},{"taxonomy":"post_tag","embeddable":true,"href":"https:\/\/samantharadionline.com\/index.php\/wp-json\/wp\/v2\/tags?post=29554"}],"curies":[{"name":"wp","href":"https:\/\/api.w.org\/{rel}","templated":true}]}}