{"id":29547,"date":"2026-09-03T21:18:46","date_gmt":"2026-09-04T01:18:46","guid":{"rendered":"https:\/\/samantharadionline.com\/?p=29547"},"modified":"2026-09-03T21:18:46","modified_gmt":"2026-09-04T01:18:46","slug":"el-primer-ministro-israeli-benjamin-netanyahu-afirma-que-su-pais-no-tiene-intencion-de-retirarse-de-las-zonas-que-controla-en-este-territorio-palestino","status":"publish","type":"post","link":"https:\/\/samantharadionline.com\/index.php\/2026\/09\/03\/el-primer-ministro-israeli-benjamin-netanyahu-afirma-que-su-pais-no-tiene-intencion-de-retirarse-de-las-zonas-que-controla-en-este-territorio-palestino\/","title":{"rendered":"El primer ministro israel\u00ed, Benjam\u00edn Netanyahu, afirma, que su pa\u00eds no tiene intenci\u00f3n de retirarse de las zonas que controla en este territorio palestino"},"content":{"rendered":"\n<p class=\"wp-block-paragraph\"><strong>Por:Daniel Blumenthal (Israel)<\/strong><\/p>\n\n\n\n<p class=\"wp-block-paragraph\">El primer ministro israel\u00ed Benjam\u00edn Netanyahu, visit\u00f3 las tropas en la Franja de Gaza junto al jefe del Estado Mayor y altos mandos militares para evaluar las operaciones en la zona divisoria conocida como la \u00abL\u00ednea Amarilla\u00bb.<\/p>\n\n\n\n<p class=\"wp-block-paragraph\">Durante la visita, afirm\u00f3 que Israel controla actualmente el 60% del territorio gazat\u00ed y descart\u00f3 cualquier retirada de las posiciones consolidadas por el ej\u00e9rcito. Desde el lugar, Netanyahu destac\u00f3 la cercan\u00eda de las comunidades israel\u00edes del sur y remarc\u00f3 la importancia estrat\u00e9gica de la presencia militar en la zona.<\/p>\n\n\n\n<p class=\"wp-block-paragraph\">\u00abControlamos este territorio y nos mantenemos en esta l\u00ednea\u00bb dijo, se\u00f1alando que desde ese punto pueden verse las ciudades de Ashkelon, Sderot, Netivot y los kibutzim. \u201cEstamos haciendo todo lo posible para alcanzar nuestro objetivo: el desarme de Ham\u00e1s y la desmilitarizaci\u00f3n de Gaza, que ya no volver\u00e1 a ser una amenaza para Israel, agreg\u00f3.\u00bb<\/p>\n\n\n\n<p class=\"wp-block-paragraph\">La declaraci\u00f3n refuerza la postura firme del gobierno israel\u00ed, que rechaza cualquier propuesta o iniciativa de tregua que no contemple el desmantelamiento efectivo de la infraestructura terrorista. En el \u00e1mbito operativo, las fuerzas de seguridad contin\u00faan sus acciones en la zona, destacando recientemente la detenci\u00f3n del jefe del mecanismo de seguridad interna de Ham\u00e1s.&nbsp;<\/p>\n\n\n\n<p class=\"wp-block-paragraph\">A menos de sesenta d\u00edas de las elecciones nacionales, crecen las exigencias de creaci\u00f3n de una Comisi\u00f3n Nacional de Investigaci\u00f3n por la masacre sufrida por Israel el 7 de Octubre de 2023, bajo la conducci\u00f3n nacional de Netanyahu.<\/p>\n","protected":false},"excerpt":{"rendered":"<p>Por:Daniel Blumenthal (Israel) El primer ministro israel\u00ed Benjam\u00edn Netanyahu, visit\u00f3 las tropas en la Franja<\/p>\n","protected":false},"author":1,"featured_media":29548,"comment_status":"open","ping_status":"open","sticky":false,"template":"","format":"standard","meta":{"footnotes":""},"categories":[4],"tags":[],"class_list":["post-29547","post","type-post","status-publish","format-standard","has-post-thumbnail","hentry","category-mundiales"],"_links":{"self":[{"href":"https:\/\/samantharadionline.com\/index.php\/wp-json\/wp\/v2\/posts\/29547","targetHints":{"allow":["GET"]}}],"collection":[{"href":"https:\/\/samantharadionline.com\/index.php\/wp-json\/wp\/v2\/posts"}],"about":[{"href":"https:\/\/samantharadionline.com\/index.php\/wp-json\/wp\/v2\/types\/post"}],"author":[{"embeddable":true,"href":"https:\/\/samantharadionline.com\/index.php\/wp-json\/wp\/v2\/users\/1"}],"replies":[{"embeddable":true,"href":"https:\/\/samantharadionline.com\/index.php\/wp-json\/wp\/v2\/comments?post=29547"}],"version-history":[{"count":1,"href":"https:\/\/samantharadionline.com\/index.php\/wp-json\/wp\/v2\/posts\/29547\/revisions"}],"predecessor-version":[{"id":29549,"href":"https:\/\/samantharadionline.com\/index.php\/wp-json\/wp\/v2\/posts\/29547\/revisions\/29549"}],"wp:featuredmedia":[{"embeddable":true,"href":"https:\/\/samantharadionline.com\/index.php\/wp-json\/wp\/v2\/media\/29548"}],"wp:attachment":[{"href":"https:\/\/samantharadionline.com\/index.php\/wp-json\/wp\/v2\/media?parent=29547"}],"wp:term":[{"taxonomy":"category","embeddable":true,"href":"https:\/\/samantharadionline.com\/index.php\/wp-json\/wp\/v2\/categories?post=29547"},{"taxonomy":"post_tag","embeddable":true,"href":"https:\/\/samantharadionline.com\/index.php\/wp-json\/wp\/v2\/tags?post=29547"}],"curies":[{"name":"wp","href":"https:\/\/api.w.org\/{rel}","templated":true}]}}