{"id":29544,"date":"2026-09-03T21:15:34","date_gmt":"2026-09-04T01:15:34","guid":{"rendered":"https:\/\/samantharadionline.com\/?p=29544"},"modified":"2026-09-03T21:15:35","modified_gmt":"2026-09-04T01:15:35","slug":"el-presidente-ruso-vladimir-putin-declara-que-existe-la-posibilidad-de-alcanzar-un-acuerdo-de-paz-con-ucrania-y-afirmo-que-no-hay-actualmente-ningun-plan-de-movilizacion-en-el-pais","status":"publish","type":"post","link":"https:\/\/samantharadionline.com\/index.php\/2026\/09\/03\/el-presidente-ruso-vladimir-putin-declara-que-existe-la-posibilidad-de-alcanzar-un-acuerdo-de-paz-con-ucrania-y-afirmo-que-no-hay-actualmente-ningun-plan-de-movilizacion-en-el-pais\/","title":{"rendered":"El presidente ruso Vladimir Putin declara que existe la posibilidad de alcanzar un acuerdo de paz con Ucrania, y afirm\u00f3 que no hay actualmente ning\u00fan plan de movilizaci\u00f3n en el pa\u00eds"},"content":{"rendered":"\n<p class=\"has-medium-font-size wp-block-paragraph\"><em>Putin, pronuncia un discurso durante el Foro Econ\u00f3mico Oriental, en Vladivostok (Extremo Oriente ruso), el jueves 3 de septiembre de 2026. Vyacheslav Prokofiev\/Pool Sputni &#8211; Vyacheslav Prokofiev<\/em><\/p>\n\n\n\n<p class=\"wp-block-paragraph\">Por: Vicenta Linares<\/p>\n\n\n\n<p class=\"wp-block-paragraph\"><em>Con agencias<\/em><\/p>\n\n\n\n<p class=\"wp-block-paragraph\">El presidente de Rusia, Vladimir Putin, afirm\u00f3 este jueves que no hay actualmente ning\u00fan plan de movilizaci\u00f3n en el pa\u00eds para su ofensiva en Ucrania, y apunt\u00f3 que esos rumores no son m\u00e1s que desinformaci\u00f3n lanzada antes de las elecciones parlamentarias.<\/p>\n\n\n\n<p class=\"wp-block-paragraph\"><strong>\u00abEs un ataque informativo\u00bb<\/strong><\/p>\n\n\n\n<p class=\"wp-block-paragraph\">\u00abA d\u00eda de hoy, no existe ning\u00fan escenario que requiera una movilizaci\u00f3n\u00bb, afirm\u00f3 Putin al responder a una pregunta sobre ese tema, durante el Foro Econ\u00f3mico Oriental, en Vladivostok, en el Extremo Oriente ruso.<\/p>\n\n\n\n<p class=\"wp-block-paragraph\">En julio, el presidente ucraniano, Volodimir Zelenski, afirm\u00f3 que contaba con \u00abinformaciones claras\u00bb de sus servicios de inteligencia seg\u00fan las cuales Rusia estar\u00eda preparando \u00abpara el oto\u00f1o [boreal] una nueva oleada de movilizaci\u00f3n\u00bb.<\/p>\n\n\n\n<p class=\"wp-block-paragraph\">\u00abEs un ataque informativo por parte del enemigo en v\u00edsperas de las elecciones a la Duma [la c\u00e1mara baja del Parlamento ruso], un intento de influir en su resultado\u00bb, afirm\u00f3 Putin, aludiendo a los comicios parlamentarios, previstos del 18 al 20 de septiembre.<\/p>\n\n\n\n<p class=\"wp-block-paragraph\">Mosc\u00fa puso en marcha una \u00abmovilizaci\u00f3n parcial\u00bb de unos 300.000 reservistas en septiembre de 2022 tras haber lanzado su ofensiva en Ucrania en febrero de ese a\u00f1o. La medida empuj\u00f3 a multitud de rusos a marcharse al extranjero y, desde entonces, las autoridades han evitado tomar medidas similares, pese a las importantes p\u00e9rdidas en el frente. El ej\u00e9rcito ruso ofrece sueldos atractivos y ventajas fiscales y, seg\u00fan Putin, no tiene problemas para reclutar gente.<\/p>\n\n\n\n<p class=\"wp-block-paragraph\"><strong>\u00bfPosibilidad de paz?<\/strong><\/p>\n\n\n\n<p class=\"wp-block-paragraph\">Putin tambi\u00e9n declar\u00f3 este jueves que existe la posibilidad de alcanzar un acuerdo de paz, a\u00f1adiendo que varios pa\u00edses, entre ellos Estados Unidos y China, estaban dispuestos a apoyar una soluci\u00f3n al conflicto. \u00abAl final, el problema deben resolverlo los pa\u00edses implicados en el conflicto, Rusia y Ucrania. Ese es el enfoque correcto. No obstante, estamos agradecidos a todos aquellos que intentan contribuir a una soluci\u00f3n. \u00bfHay alguna posibilidad? En mi opini\u00f3n, s\u00ed, la hay\u00bb, dijo.<\/p>\n\n\n\n<p class=\"wp-block-paragraph\">Sin embargo, en respuesta a una pregunta, el presidente ruso coment\u00f3 que los ataques ucranianos contra buques mercantes rusos y las \u00abamenazas de ataques contra aviones civiles\u00bb son \u00abactos de terrorismo de Estado\u00bb, lo que, seg\u00fan \u00e9l, \u00abcomplica las perspectivas de unas negociaciones de paz bilaterales\u00bb. &nbsp;<\/p>\n\n\n\n<p class=\"wp-block-paragraph\">Por su parte, el ministro de Asuntos Exteriores de Ucrania, Andrii Sybiha, declar\u00f3 a los periodistas en Kiev que tiene \u2060grandes esperanzas de que surgiera una \u00abnueva din\u00e1mica\u00bb con vistas a poner fin a la guerra. \u00abCreo que los esfuerzos de paz van a experimentar a partir de ahora una nueva din\u00e1mica, con el regreso de esta fase activa de compromiso pol\u00edtico y diplom\u00e1tico en numerosas capitales de todo el mundo\u00bb.<\/p>\n\n\n\n<p class=\"wp-block-paragraph\">Tras cuatro a\u00f1os y medio de guerra, la \u200bl\u00ednea del frente se encuentra, en general, estancada y no se han celebrado negociaciones de paz desde febrero. Cada bando ha intensificado sus ataques \u200ba\u00e9reos sobre el territorio enemigo, mientras que la guerra en el mar se ha recrudecido considerablemente con \u200bataques de ambos bandos contra puertos y la marina mercante.<\/p>\n\n\n\n<p class=\"wp-block-paragraph\"><strong>Sobre las relaciones Rusia-Estados Unidos<\/strong><\/p>\n\n\n\n<p class=\"wp-block-paragraph\">Vladimir Putin ha declarado que Rusia mantiene sus contactos con la Administraci\u00f3n del presidente estadounidense Donald Trump, que en su momento se esforz\u00f3 por desempe\u00f1ar un papel de mediador con vistas a un acuerdo de paz en Ucrania.<\/p>\n\n\n\n<p class=\"wp-block-paragraph\">\u00abEstamos a favor de un restablecimiento completo de las relaciones con Estados Unidos. Sin embargo, esto no depende \u00fanicamente de nosotros; tambi\u00e9n depende de la parte estadounidense. Pero, por lo que entiendo, por lo que percibo y por lo que observo, el presidente Trump est\u00e1 comprometido con ese di\u00e1logo positivo y constructivo\u00bb, afirm\u00f3.<\/p>\n\n\n\n<p class=\"wp-block-paragraph\">Putin a\u00f1adi\u00f3 que se est\u00e1n manteniendo contactos entre los servicios de inteligencia de ambos pa\u00edses y a trav\u00e9s de los emisarios de Donald Trump. El director de la CIA, John Ratcliffe, se reuni\u00f3 con responsables de los servicios de inteligencia rusos en Mosc\u00fa la semana pasada, pero ninguna de las dos partes ha revelado el contenido de las conversaciones.<\/p>\n","protected":false},"excerpt":{"rendered":"<p>Putin, pronuncia un discurso durante el Foro Econ\u00f3mico Oriental, en Vladivostok (Extremo Oriente ruso), el<\/p>\n","protected":false},"author":1,"featured_media":29545,"comment_status":"open","ping_status":"open","sticky":false,"template":"","format":"standard","meta":{"footnotes":""},"categories":[4],"tags":[],"class_list":["post-29544","post","type-post","status-publish","format-standard","has-post-thumbnail","hentry","category-mundiales"],"_links":{"self":[{"href":"https:\/\/samantharadionline.com\/index.php\/wp-json\/wp\/v2\/posts\/29544","targetHints":{"allow":["GET"]}}],"collection":[{"href":"https:\/\/samantharadionline.com\/index.php\/wp-json\/wp\/v2\/posts"}],"about":[{"href":"https:\/\/samantharadionline.com\/index.php\/wp-json\/wp\/v2\/types\/post"}],"author":[{"embeddable":true,"href":"https:\/\/samantharadionline.com\/index.php\/wp-json\/wp\/v2\/users\/1"}],"replies":[{"embeddable":true,"href":"https:\/\/samantharadionline.com\/index.php\/wp-json\/wp\/v2\/comments?post=29544"}],"version-history":[{"count":1,"href":"https:\/\/samantharadionline.com\/index.php\/wp-json\/wp\/v2\/posts\/29544\/revisions"}],"predecessor-version":[{"id":29546,"href":"https:\/\/samantharadionline.com\/index.php\/wp-json\/wp\/v2\/posts\/29544\/revisions\/29546"}],"wp:featuredmedia":[{"embeddable":true,"href":"https:\/\/samantharadionline.com\/index.php\/wp-json\/wp\/v2\/media\/29545"}],"wp:attachment":[{"href":"https:\/\/samantharadionline.com\/index.php\/wp-json\/wp\/v2\/media?parent=29544"}],"wp:term":[{"taxonomy":"category","embeddable":true,"href":"https:\/\/samantharadionline.com\/index.php\/wp-json\/wp\/v2\/categories?post=29544"},{"taxonomy":"post_tag","embeddable":true,"href":"https:\/\/samantharadionline.com\/index.php\/wp-json\/wp\/v2\/tags?post=29544"}],"curies":[{"name":"wp","href":"https:\/\/api.w.org\/{rel}","templated":true}]}}