{"id":29537,"date":"2026-09-03T19:13:30","date_gmt":"2026-09-03T23:13:30","guid":{"rendered":"https:\/\/samantharadionline.com\/?p=29537"},"modified":"2026-09-03T19:13:31","modified_gmt":"2026-09-03T23:13:31","slug":"gobierno-anuncia-simulacro-nacional-de-evacuacion-ante-terremotos","status":"publish","type":"post","link":"https:\/\/samantharadionline.com\/index.php\/2026\/09\/03\/gobierno-anuncia-simulacro-nacional-de-evacuacion-ante-terremotos\/","title":{"rendered":"Gobierno anuncia simulacro nacional de evacuaci\u00f3n ante terremotos"},"content":{"rendered":"\n<h2 class=\"wp-block-heading has-medium-font-size\"><em>El director del Centro de Operaciones de Emergencias (COE), Erdwin Olivares, se\u00f1al\u00f3 que el simulacro permitir\u00e1 poner a prueba los planes de evacuaci\u00f3n, protocolos de actuaci\u00f3n, mecanismos de comunicaci\u00f3n y niveles de coordinaci\u00f3n interinstitucional<\/em><\/h2>\n\n\n\n<figure class=\"wp-block-image\"><img decoding=\"async\" src=\"https:\/\/listindiario.com\/files\/image_60_60\/uploads\/2026\/06\/09\/6a288db593bd3.jpeg\" alt=\"Avatar del Javier Flores\"\/><\/figure>\n\n\n\n<p class=\"wp-block-paragraph\"><strong><em>\u00a0<\/em>Javier Flores, Santo Domingo, RD<\/strong><\/p>\n\n\n\n<p class=\"wp-block-paragraph\">El Gobierno Dominicano anunci\u00f3 que a las 10:00 de la ma\u00f1ana del pr\u00f3ximo martes se realizar\u00e1 el&nbsp;<strong>Simulacro Nacional de Evacuaci\u00f3n por Terremoto,<\/strong>&nbsp;en d\u00f3nde se llam\u00f3 a la participaci\u00f3n de instituciones p\u00fablicas y privadas en el mismo.<\/p>\n\n\n\n<p class=\"wp-block-paragraph\"><strong>\u00abEstas son acciones que hay que tomarlas antes de que suceda cualquier evento,<\/strong>&nbsp;porque cu\u00e1ndo sucede el evento no se puede improvisar, hay que estar preparados para lo que esperamos en Dios nunca se de, pero que s\u00ed se da\u00bb, expres\u00f3 Andr\u00e9s Bautista, ministro Administrativo de la Presidencia, qui\u00e9n encabez\u00f3 la actividad en el Palacio Nacional.<\/p>\n\n\n\n<p class=\"wp-block-paragraph\">El director del Centro de Operaciones de Emergencias (COE),&nbsp;<strong>Erdwin Olivares<\/strong>, se\u00f1al\u00f3 que el simulacro permitir\u00e1 poner a prueba los planes de evacuaci\u00f3n, protocolos de actuaci\u00f3n, mecanismos de comunicaci\u00f3n y niveles de coordinaci\u00f3n interinstitucional.<\/p>\n\n\n\n<p class=\"wp-block-paragraph\"><strong>\u00abLos sismos no avisan, la preparaci\u00f3n comienza antes.&nbsp;<\/strong>Este ejercicio va mucho m\u00e1s all\u00e1 de evacuar una edificaci\u00f3n, comunidad o vivienda, vamos a evaluar nuestro protocolo de acci\u00f3n, la actuaci\u00f3n, la comunicaci\u00f3n interinstitucional, en fin, la preparaci\u00f3n integral del pa\u00eds\u00bb, explic\u00f3 Olivares.<\/p>\n\n\n\n<p class=\"wp-block-paragraph\">Indic\u00f3 que durante esa jornada tambi\u00e9n se probar\u00e1 una herramienta para fortalecer el sistema nacional de alerta mediante el env\u00edo de mensajes instant\u00e1neos a tel\u00e9fonos m\u00f3viles.<\/p>\n\n\n\n<p class=\"wp-block-paragraph\">El director del COE manifest\u00f3 que el pa\u00eds cuenta los accesos necesarios para que, en caso de que suceda \u00abuna cat\u00e1strofe\u00bb la ayuda pueda llegar por cualquier v\u00eda necesaria; adem\u00e1s de que los organismos de socorro cuentan con los medios necesarios para dar ayuda.<\/p>\n\n\n\n<p class=\"wp-block-paragraph\">\u00abNing\u00fan pa\u00eds del mundo est\u00e1 preparado para verlo colapsar. Ahora bien, nos hemos organizado y nos estamos fortaleciendo, tu tener un un ejercicio que tenga una movilidad de m\u00e1s tres millones de personas, poder probar que m\u00e1s de 300 empresas se certificaron en temas de seguridad, todo es parte del fortalecimiento y de una preparaci\u00f3n\u00bb, argument\u00f3 Olivares.<\/p>\n\n\n\n<h3 class=\"wp-block-heading\">\u00c9nfasis en el sector privado<\/h3>\n\n\n\n<p class=\"wp-block-paragraph\">Leonardo Reyes Madera, director de la Oficina Nacional de Evaluaci\u00f3n S\u00edsmica y Vulnerabilidad de Infraestructura y Edificaciones (Onesvie), se\u00f1al\u00f3 que aunque se mantiene la revisi\u00f3n constante de las edificaciones p\u00fablicas, el enfoque est\u00e1 en el sector privado.<\/p>\n\n\n\n<p class=\"wp-block-paragraph\">Reyes Madera manifest\u00f3 que se han hecho levantamientos en sectores como Naco y Piantini para entregar a las respectivas juntas de vecinos cu\u00e1les son las deficiencias de esos lugares.<\/p>\n\n\n\n<p class=\"wp-block-paragraph\">El funcionario invit\u00f3 a m\u00e1s edificaciones privadas a solicitar su revisi\u00f3n, las cuales se realizan completamente gratis.<\/p>\n\n\n\n<h3 class=\"wp-block-heading\">Garantizan participaci\u00f3n del sector privado<\/h3>\n\n\n\n<p class=\"wp-block-paragraph\">Adem\u00e1s de contar con la participaci\u00f3n de las instituciones p\u00fablicas, el ministro de Trabajo, Eddy Olivares, exhort\u00f3 a empleadores y trabajadores a sumarse al simulacro, al considerar que todos los espacios donde confluyen personas deben estar preparados para actuar frente a un terremoto.<\/p>\n\n\n\n<p class=\"wp-block-paragraph\">\u201cLos lugares donde hay personas tienen que ser parte del simulacro. Los trabajadores, los servidores p\u00fablicos y los empleados debemos estar preparados para participar\u201d, manifest\u00f3 Olivares.<\/p>\n\n\n\n<p class=\"wp-block-paragraph\">El ministro inform\u00f3 que las autoridades ya conversaron con el Consejo Nacional de la Empresa Privada (Conep) para incorporar al sector empresarial.&nbsp;<\/p>\n\n\n\n<p class=\"wp-block-paragraph\">Asimismo, indic\u00f3 que sostendr\u00e1n una reuni\u00f3n con representantes de los trabajadores para integrarlos a la iniciativa, al tiempo que consider\u00f3 que la realizaci\u00f3n del simulacro representa una muestra del compromiso del Gobierno con la prevenci\u00f3n y preparaci\u00f3n del pa\u00eds ante posibles desastres.<\/p>\n\n\n\n<p class=\"wp-block-paragraph\">\u201cEsto es algo muy serio y convoca al pa\u00eds a asumir el compromiso de prepararse frente a una situaci\u00f3n que esperamos no ocurra, pero cuya posibilidad existe\u201d, manifest\u00f3.<\/p>\n\n\n\n<p class=\"wp-block-paragraph\">Los interesados en formar parte del simulacro pueden inscribirse a trav\u00e9s de la p\u00e1gina oficial del COE: www.coe.gob.do.<\/p>\n","protected":false},"excerpt":{"rendered":"<p>El director del Centro de Operaciones de Emergencias (COE), Erdwin Olivares, se\u00f1al\u00f3 que el simulacro<\/p>\n","protected":false},"author":1,"featured_media":29538,"comment_status":"open","ping_status":"open","sticky":false,"template":"","format":"standard","meta":{"footnotes":""},"categories":[12],"tags":[],"class_list":["post-29537","post","type-post","status-publish","format-standard","has-post-thumbnail","hentry","category-nacionales"],"_links":{"self":[{"href":"https:\/\/samantharadionline.com\/index.php\/wp-json\/wp\/v2\/posts\/29537","targetHints":{"allow":["GET"]}}],"collection":[{"href":"https:\/\/samantharadionline.com\/index.php\/wp-json\/wp\/v2\/posts"}],"about":[{"href":"https:\/\/samantharadionline.com\/index.php\/wp-json\/wp\/v2\/types\/post"}],"author":[{"embeddable":true,"href":"https:\/\/samantharadionline.com\/index.php\/wp-json\/wp\/v2\/users\/1"}],"replies":[{"embeddable":true,"href":"https:\/\/samantharadionline.com\/index.php\/wp-json\/wp\/v2\/comments?post=29537"}],"version-history":[{"count":1,"href":"https:\/\/samantharadionline.com\/index.php\/wp-json\/wp\/v2\/posts\/29537\/revisions"}],"predecessor-version":[{"id":29539,"href":"https:\/\/samantharadionline.com\/index.php\/wp-json\/wp\/v2\/posts\/29537\/revisions\/29539"}],"wp:featuredmedia":[{"embeddable":true,"href":"https:\/\/samantharadionline.com\/index.php\/wp-json\/wp\/v2\/media\/29538"}],"wp:attachment":[{"href":"https:\/\/samantharadionline.com\/index.php\/wp-json\/wp\/v2\/media?parent=29537"}],"wp:term":[{"taxonomy":"category","embeddable":true,"href":"https:\/\/samantharadionline.com\/index.php\/wp-json\/wp\/v2\/categories?post=29537"},{"taxonomy":"post_tag","embeddable":true,"href":"https:\/\/samantharadionline.com\/index.php\/wp-json\/wp\/v2\/tags?post=29537"}],"curies":[{"name":"wp","href":"https:\/\/api.w.org\/{rel}","templated":true}]}}