{"id":29534,"date":"2026-09-03T17:10:14","date_gmt":"2026-09-03T21:10:14","guid":{"rendered":"https:\/\/samantharadionline.com\/?p=29534"},"modified":"2026-09-03T17:10:15","modified_gmt":"2026-09-03T21:10:15","slug":"madre-y-hermana-de-selena-responden-a-demanda-de-a-b-quintanilla","status":"publish","type":"post","link":"https:\/\/samantharadionline.com\/index.php\/2026\/09\/03\/madre-y-hermana-de-selena-responden-a-demanda-de-a-b-quintanilla\/","title":{"rendered":"Madre y hermana de Selena responden a demanda de A.B. Quintanilla"},"content":{"rendered":"\n<h2 class=\"wp-block-heading has-medium-font-size\"><em>Las mujeres declararon que no han recibido notificaci\u00f3n sobre la demanda que A.B asegura haber interpuesto contra ellas<\/em><\/h2>\n\n\n\n<figure class=\"wp-block-image\"><img decoding=\"async\" src=\"https:\/\/listindiario.com\/files\/image_60_60\/uploads\/2024\/12\/24\/676b0db1271ec.jpeg\" alt=\"Avatar del La Prensa Gr\u00e1fica | GDA\"\/><\/figure>\n\n\n\n<p class=\"wp-block-paragraph\"><strong><em>\u00a0<\/em>Flor Ayala | La Prensa Gr\u00e1fica | GDA<\/strong><\/p>\n\n\n\n<p class=\"wp-block-paragraph\"><strong>Marcella&nbsp;<\/strong>y&nbsp;<strong>Suzette Quintanilla<\/strong>, mam\u00e1 y hermana de la fallecida cantante&nbsp;<strong>Selena Quintanilla<\/strong>, respondieron a<strong>&nbsp;A.B. Quintanilla&nbsp;<\/strong>luego de que este confirmara que interpuso un proceso legal contra ellas.<\/p>\n\n\n\n<p class=\"wp-block-paragraph\">En un extenso comunicado de prensa publicado en la cuenta de Instagram de Suzette se niegan las acusaciones de A.B, quien afirm\u00f3 que \u201cexiste una demanda relacionada con Suzette\u201d, as\u00ed como \u201ccon hechos y circunstancias relacionadas con mi padre\u201d, el difunto&nbsp;<strong>Abraham Quintanilla<\/strong>.<\/p>\n\n\n\n<p class=\"wp-block-paragraph\">El fundador de<strong>&nbsp;Kumbia Kings<\/strong>, se\u00f1al\u00f3 que adem\u00e1s de la demanda, descubri\u00f3 que Suzette pretende comercializar pertenencias personales de Selena. \u201cHay cosas que he descubierto y vivido durante este proceso que me han dejado profundamente impactado. Jam\u00e1s pens\u00e9 que dentro de mi propia familia pudieran ocurrir situaciones que me llevar\u00edan a tomar una decisi\u00f3n de esa magnitud\u201d, expres\u00f3 A.B en un comunicado el pasado 1 de septiembre.<\/p>\n\n\n\n<p class=\"wp-block-paragraph\"><strong>La respuesta de Marcela y Suzette Quintanilla<\/strong><\/p>\n\n\n\n<p class=\"wp-block-paragraph\">El comunicado inic\u00f3 se\u00f1alando las declaraciones de A.B como \u201cinsinuaciones graves y falsas\u201d.<\/p>\n\n\n\n<p class=\"wp-block-paragraph\">\u201cMarcella nunca antes hab\u00eda sentido la necesidad de abordar p\u00fablicamente asuntos familiares privados. Lo hace ahora poque no se puede permitir que declarasiones falsas y relacionadas su difunto esposo, su hija y su familia queden sin respuesta\u201d, se lee en el comunicado.<\/p>\n\n\n\n<p class=\"wp-block-paragraph\">En el mismo, aseguran que no tienen inter\u00e9s de atacar, humillar a A.B, ni \u201cventilar d\u00e9cadas de historia amiliar\u201d, pero se\u00f1alaron que \u201cnuestro silencio no debe interpretarse como aceptaci\u00f3n de declaraciones que son falsas\u201d.<\/p>\n\n\n\n<p class=\"wp-block-paragraph\">\u201cAmamos a A.B, es nuestro hijo y hermano. Pero amar a alguien no significa que debamos aceptar acusaciones falsas ni guardar silencio mientras se pone en duda la reputaci\u00f3n de Suzette, la memoria de Abraham y el nombre de nuestra familia\u201d, se\u00f1alaron.<\/p>\n\n\n\n<p class=\"wp-block-paragraph\"><strong>No han sido notificadas sobre la demanda<\/strong><\/p>\n\n\n\n<p class=\"wp-block-paragraph\">Las mujeres indicaron que tras enterarse de las acusaciones, buscaron por sus medios la demanda que A.B anunci\u00f3 que hab\u00eda interpuesto contra la hermana y madre de la difunta cantante. Adem\u00e1s, aseguraron que buscaron en los registros p\u00fablicos y no encontraron la demanda que A.B menciona.<\/p>\n\n\n\n<p class=\"wp-block-paragraph\">El comunicado finaliz\u00f3 con lo siguiente: \u201cSeguiremos protegiendo nuestra familia, la memoria de Abraham, el legado de Selena y la verdad\u201d.<\/p>\n\n\n\n<p class=\"wp-block-paragraph\"><strong>\u00abYo no miento\u00bb<\/strong><\/p>\n\n\n\n<p class=\"wp-block-paragraph\">Este mismo mi\u00e9rcoles, A.B. respondi\u00f3 al comunicado de su madre y hermana asegurando que \u00e9l \u00abno miente\u00bb con respecto al proceso legal. \u00abSuzette y sus abogados fueron notificados de una demanda relacionada con sus deberes fiduciarios, es decir, las obligaciones legales de actuar con lealtad, transparecia y en beneficio de los intereses que ten\u00eda bajo su responsabilidad\u00bb, dijo.<\/p>\n\n\n\n<p class=\"wp-block-paragraph\">El m\u00fasico se\u00f1al\u00f3 que su hermana respondi\u00f3 al tr\u00e1mite, pero \u00abno entreg\u00f3 lo que se le estaba solicitando: contratos, documentaci\u00f3n e informaci\u00f3n financiera\u00bb.<\/p>\n\n\n\n<p class=\"wp-block-paragraph\">Adem\u00e1s, A.B. critic\u00f3 la implicaci\u00f3n de su madre en el asunto: \u00abQue bajo utilizar a mi mam\u00e1 por conveniencia. Ella desconoc\u00eda por completo las situaciones que ocurr\u00edan a su alrrededor y nuca tuvo participaci\u00f3n en nada\u00bb.<\/p>\n","protected":false},"excerpt":{"rendered":"<p>Las mujeres declararon que no han recibido notificaci\u00f3n sobre la demanda que A.B asegura haber<\/p>\n","protected":false},"author":1,"featured_media":29535,"comment_status":"open","ping_status":"open","sticky":false,"template":"","format":"standard","meta":{"footnotes":""},"categories":[11],"tags":[],"class_list":["post-29534","post","type-post","status-publish","format-standard","has-post-thumbnail","hentry","category-entretenimiento"],"_links":{"self":[{"href":"https:\/\/samantharadionline.com\/index.php\/wp-json\/wp\/v2\/posts\/29534","targetHints":{"allow":["GET"]}}],"collection":[{"href":"https:\/\/samantharadionline.com\/index.php\/wp-json\/wp\/v2\/posts"}],"about":[{"href":"https:\/\/samantharadionline.com\/index.php\/wp-json\/wp\/v2\/types\/post"}],"author":[{"embeddable":true,"href":"https:\/\/samantharadionline.com\/index.php\/wp-json\/wp\/v2\/users\/1"}],"replies":[{"embeddable":true,"href":"https:\/\/samantharadionline.com\/index.php\/wp-json\/wp\/v2\/comments?post=29534"}],"version-history":[{"count":1,"href":"https:\/\/samantharadionline.com\/index.php\/wp-json\/wp\/v2\/posts\/29534\/revisions"}],"predecessor-version":[{"id":29536,"href":"https:\/\/samantharadionline.com\/index.php\/wp-json\/wp\/v2\/posts\/29534\/revisions\/29536"}],"wp:featuredmedia":[{"embeddable":true,"href":"https:\/\/samantharadionline.com\/index.php\/wp-json\/wp\/v2\/media\/29535"}],"wp:attachment":[{"href":"https:\/\/samantharadionline.com\/index.php\/wp-json\/wp\/v2\/media?parent=29534"}],"wp:term":[{"taxonomy":"category","embeddable":true,"href":"https:\/\/samantharadionline.com\/index.php\/wp-json\/wp\/v2\/categories?post=29534"},{"taxonomy":"post_tag","embeddable":true,"href":"https:\/\/samantharadionline.com\/index.php\/wp-json\/wp\/v2\/tags?post=29534"}],"curies":[{"name":"wp","href":"https:\/\/api.w.org\/{rel}","templated":true}]}}