{"id":29526,"date":"2026-09-03T11:28:56","date_gmt":"2026-09-03T15:28:56","guid":{"rendered":"https:\/\/samantharadionline.com\/?p=29526"},"modified":"2026-09-03T11:28:57","modified_gmt":"2026-09-03T15:28:57","slug":"maduro-apela-a-su-inmunidad","status":"publish","type":"post","link":"https:\/\/samantharadionline.com\/index.php\/2026\/09\/03\/maduro-apela-a-su-inmunidad\/","title":{"rendered":"Maduro apela a su inmunidad"},"content":{"rendered":"\n<h2 class=\"wp-block-heading has-medium-font-size\"><em>Maduro consider\u00f3 que el tribunal de Nueva York que lleva adelante su caso \u00abno es competente\u00bb para juzgarlo a \u00e9l ni tampoco a su esposa Cilia Flores, tambi\u00e9n presa en Estados Unidos, seg\u00fan un documento presentado por su abogado Alvin Hellerstein ante el tribunal de Nueva York.<\/em><\/h2>\n\n\n\n<figure class=\"wp-block-image\"><img decoding=\"async\" src=\"https:\/\/listindiario.com\/files\/image_60_60\/uploads\/2025\/06\/12\/684b39171bfd7.jpeg\" alt=\"Avatar del Agencia AFP\"\/><\/figure>\n\n\n\n<p class=\"wp-block-paragraph\"><strong><em>\u00a0<\/em>Agencia AFP, Nueva York, Estados Unidos\u00a0<\/strong><\/p>\n\n\n\n<p class=\"wp-block-paragraph\">El derrocado presidente venezolano&nbsp;<strong>Nicol\u00e1s Maduro<\/strong>&nbsp;pidi\u00f3 a la justicia estadounidense desestimar los&nbsp;<strong>cargos de narcotr\u00e1fico<\/strong>&nbsp;en su contra, y apel\u00f3 a su inmunidad como jefe de Estado, cuando cumple&nbsp;<strong>ocho meses&nbsp;<\/strong>detenido en&nbsp;<strong>Nueva York<\/strong>.<\/p>\n\n\n\n<p class=\"wp-block-paragraph\">Maduro consider\u00f3 que el tribunal de Nueva York que lleva adelante su caso \u00ab<strong>no es competente<\/strong>\u00bb para juzgarlo a \u00e9l ni tampoco a su esposa&nbsp;<strong>Cilia Flores<\/strong>, tambi\u00e9n presa en Estados Unidos, seg\u00fan un documento presentado por su abogado Alvin Hellerstein ante el tribunal de Nueva York.<\/p>\n\n\n\n<p class=\"wp-block-paragraph\">Maduro, de 63 a\u00f1os, es acusado de&nbsp;<strong>cuatro delitos<\/strong>, entre ellos el de \u00ab<strong>narcoterorismo<\/strong>\u00ab. Su juicio debe comenzar el 1 de junio de 2027.<\/p>\n\n\n\n<p class=\"wp-block-paragraph\">Fue capturado junto con Flores el 3 de enero en Caracas, en una intervenci\u00f3n militar estadounidense.<\/p>\n\n\n\n<p class=\"wp-block-paragraph\">Desde entonces, su exvicepresidenta&nbsp;<strong>Delcy Rodr\u00edguez<\/strong>&nbsp;gobierna&nbsp;<strong>Venezuela<\/strong>&nbsp;de manera interina, bajo fuere presi\u00f3n de&nbsp;<strong>Washington<\/strong>.<\/p>\n","protected":false},"excerpt":{"rendered":"<p>Maduro consider\u00f3 que el tribunal de Nueva York que lleva adelante su caso \u00abno es<\/p>\n","protected":false},"author":1,"featured_media":29527,"comment_status":"open","ping_status":"open","sticky":false,"template":"","format":"standard","meta":{"footnotes":""},"categories":[4],"tags":[],"class_list":["post-29526","post","type-post","status-publish","format-standard","has-post-thumbnail","hentry","category-mundiales"],"_links":{"self":[{"href":"https:\/\/samantharadionline.com\/index.php\/wp-json\/wp\/v2\/posts\/29526","targetHints":{"allow":["GET"]}}],"collection":[{"href":"https:\/\/samantharadionline.com\/index.php\/wp-json\/wp\/v2\/posts"}],"about":[{"href":"https:\/\/samantharadionline.com\/index.php\/wp-json\/wp\/v2\/types\/post"}],"author":[{"embeddable":true,"href":"https:\/\/samantharadionline.com\/index.php\/wp-json\/wp\/v2\/users\/1"}],"replies":[{"embeddable":true,"href":"https:\/\/samantharadionline.com\/index.php\/wp-json\/wp\/v2\/comments?post=29526"}],"version-history":[{"count":1,"href":"https:\/\/samantharadionline.com\/index.php\/wp-json\/wp\/v2\/posts\/29526\/revisions"}],"predecessor-version":[{"id":29528,"href":"https:\/\/samantharadionline.com\/index.php\/wp-json\/wp\/v2\/posts\/29526\/revisions\/29528"}],"wp:featuredmedia":[{"embeddable":true,"href":"https:\/\/samantharadionline.com\/index.php\/wp-json\/wp\/v2\/media\/29527"}],"wp:attachment":[{"href":"https:\/\/samantharadionline.com\/index.php\/wp-json\/wp\/v2\/media?parent=29526"}],"wp:term":[{"taxonomy":"category","embeddable":true,"href":"https:\/\/samantharadionline.com\/index.php\/wp-json\/wp\/v2\/categories?post=29526"},{"taxonomy":"post_tag","embeddable":true,"href":"https:\/\/samantharadionline.com\/index.php\/wp-json\/wp\/v2\/tags?post=29526"}],"curies":[{"name":"wp","href":"https:\/\/api.w.org\/{rel}","templated":true}]}}