{"id":29499,"date":"2026-09-01T22:11:41","date_gmt":"2026-09-02T02:11:41","guid":{"rendered":"https:\/\/samantharadionline.com\/?p=29499"},"modified":"2026-09-01T22:11:41","modified_gmt":"2026-09-02T02:11:41","slug":"mujer-mata-abogada-en-san-jose-de-ocoa","status":"publish","type":"post","link":"https:\/\/samantharadionline.com\/index.php\/2026\/09\/01\/mujer-mata-abogada-en-san-jose-de-ocoa\/","title":{"rendered":"Mujer mata abogada en San Jos\u00e9 de Ocoa"},"content":{"rendered":"\n<h2 class=\"wp-block-heading has-medium-font-size\"><em>Familiares informaron que el cad\u00e1ver de Soto C\u00e1ceres ser\u00e1 llevado al Instituto Nacional de Ciencias forenses (Inacif) en Azua para los fines correspondientes<\/em><\/h2>\n\n\n\n<p class=\"wp-block-paragraph\"><em>\u00a0<\/em><strong>Willy Ort\u00edz, San Jos\u00e9 de Ocoa, RD<\/strong><\/p>\n\n\n\n<p class=\"wp-block-paragraph\">Una mujer ultim\u00f3 con un arma blanca a otra durante un incidente ocurrido este martes en el sector Los Maestros de San Jos\u00e9 de Ocoa.<\/p>\n\n\n\n<p class=\"wp-block-paragraph\">La agresora fue identificada como Adriana Cuello Minyetty, quien est\u00e1 detenida en el cuartel de la trig\u00e9sima Sexta compa\u00f1\u00eda de la Polic\u00eda Nacional, seg\u00fan datos obtenidos por este medio.<\/p>\n\n\n\n<p class=\"wp-block-paragraph\">La occisa fue Leidy Soto C\u00e1ceres, nativa del municipio de Sabana Larga de Ocoa, quien era una abogada, de 34 a\u00f1os y madre de cuatro hijos.<\/p>\n\n\n\n<p class=\"wp-block-paragraph\">Seg\u00fan la versi\u00f3n de varios testigos, la v\u00edctima habr\u00eda ido a la casa de Cuello Minyetty donde sostuvieron una discusi\u00f3n y recibi\u00f3 heridas de arma blanca que obligaron que fuera llevada al hospital San Jos\u00e9, donde falleci\u00f3.&nbsp;<\/p>\n\n\n\n<p class=\"wp-block-paragraph\">La abogada era hija de Andr\u00e9s Soto, dirigente pol\u00edtico y sobrina del abogado Santiago Soto.<\/p>\n\n\n\n<p class=\"wp-block-paragraph\">Familiares informaron que el cad\u00e1ver de Soto C\u00e1ceres ser\u00e1 llevado al Instituto Nacional de Ciencias forenses (Inacif) en Azua para los fines correspondientes.<\/p>\n","protected":false},"excerpt":{"rendered":"<p>Familiares informaron que el cad\u00e1ver de Soto C\u00e1ceres ser\u00e1 llevado al Instituto Nacional de Ciencias<\/p>\n","protected":false},"author":1,"featured_media":29500,"comment_status":"open","ping_status":"open","sticky":false,"template":"","format":"standard","meta":{"footnotes":""},"categories":[12],"tags":[],"class_list":["post-29499","post","type-post","status-publish","format-standard","has-post-thumbnail","hentry","category-nacionales"],"_links":{"self":[{"href":"https:\/\/samantharadionline.com\/index.php\/wp-json\/wp\/v2\/posts\/29499","targetHints":{"allow":["GET"]}}],"collection":[{"href":"https:\/\/samantharadionline.com\/index.php\/wp-json\/wp\/v2\/posts"}],"about":[{"href":"https:\/\/samantharadionline.com\/index.php\/wp-json\/wp\/v2\/types\/post"}],"author":[{"embeddable":true,"href":"https:\/\/samantharadionline.com\/index.php\/wp-json\/wp\/v2\/users\/1"}],"replies":[{"embeddable":true,"href":"https:\/\/samantharadionline.com\/index.php\/wp-json\/wp\/v2\/comments?post=29499"}],"version-history":[{"count":1,"href":"https:\/\/samantharadionline.com\/index.php\/wp-json\/wp\/v2\/posts\/29499\/revisions"}],"predecessor-version":[{"id":29501,"href":"https:\/\/samantharadionline.com\/index.php\/wp-json\/wp\/v2\/posts\/29499\/revisions\/29501"}],"wp:featuredmedia":[{"embeddable":true,"href":"https:\/\/samantharadionline.com\/index.php\/wp-json\/wp\/v2\/media\/29500"}],"wp:attachment":[{"href":"https:\/\/samantharadionline.com\/index.php\/wp-json\/wp\/v2\/media?parent=29499"}],"wp:term":[{"taxonomy":"category","embeddable":true,"href":"https:\/\/samantharadionline.com\/index.php\/wp-json\/wp\/v2\/categories?post=29499"},{"taxonomy":"post_tag","embeddable":true,"href":"https:\/\/samantharadionline.com\/index.php\/wp-json\/wp\/v2\/tags?post=29499"}],"curies":[{"name":"wp","href":"https:\/\/api.w.org\/{rel}","templated":true}]}}