{"id":29489,"date":"2026-09-01T20:37:21","date_gmt":"2026-09-02T00:37:21","guid":{"rendered":"https:\/\/samantharadionline.com\/?p=29489"},"modified":"2026-09-01T20:37:22","modified_gmt":"2026-09-02T00:37:22","slug":"mantienen-21-provincias-en-alerta-por-vaguada","status":"publish","type":"post","link":"https:\/\/samantharadionline.com\/index.php\/2026\/09\/01\/mantienen-21-provincias-en-alerta-por-vaguada\/","title":{"rendered":"Mantienen 21 provincias en alerta por vaguada"},"content":{"rendered":"\n<h2 class=\"wp-block-heading has-medium-font-size\"><em>Debido a estas lluvias un total de 100 viviendas en todo el pa\u00eds resultaron afectadas<\/em><\/h2>\n\n\n\n<p class=\"wp-block-paragraph\"><strong>Santo Domingo, RD<\/strong><\/p>\n\n\n\n<p class=\"wp-block-paragraph\">El&nbsp;<strong>Centro de Operaciones de Emergencias&nbsp;<\/strong>(<strong>COE<\/strong>) mantiene cinco&nbsp;<strong>provincias en alerta amarilla<\/strong>&nbsp;y 16 en verde, debido a una vaguada que se localiza al noroeste del pa\u00eds, estar\u00e1 aportando humedad suficiente para que contin\u00faen produci\u00e9ndose nublados con&nbsp;<strong>aguaceros&nbsp;<\/strong>que podr\u00edan ser moderados a fuertes localmente, tormentas el\u00e9ctricas y r\u00e1fagas de viento en ocasiones.<\/p>\n\n\n\n<p class=\"wp-block-paragraph\">En alerta amarilla est\u00e1n el Distrito Nacional, Monte Plata, San Crist\u00f3bal, Santo Domingo y Peravia. En verde se encuentran El Seibo, La Altagracia, Dajab\u00f3n, Saman\u00e1, San Pedro de Macor\u00eds, Saman\u00e1, San Pedro de Macor\u00eds, Espaillat, Santiago Rodr\u00edguez, Azua, Hato Mayor, Mar\u00eda Trinidad S\u00e1nchez, Monte Cristi, San Jos\u00e9 de Ocopa, S\u00e1nchez Ram\u00edrez, Puerto Plata, Valverde y La Romana.<\/p>\n\n\n\n<p class=\"wp-block-paragraph\">De acuerdo con el<strong>&nbsp;Instituto Dominicano de Meteorolog\u00eda<\/strong>&nbsp;(<strong>Indomet<\/strong>), la actividad nubosa junto a la de lluvia, se ha desplazado hacia el suroeste, donde se estuvieron presentando aguaceros moderados con tronadas en las horas matutinas.<\/p>\n\n\n\n<p class=\"wp-block-paragraph\">Debido a estas lluvias un total de 100 viviendas en todo el pa\u00eds resultaron afectadas. De acuerdo con el levantamiento realizado hasta el momento, se reportan las siguientes afectaciones: Sector Barrio Kennedy: aproximadamente 35 viviendas afectadas. Sector Placer Bonito: aproximadamente 45 viviendas afectadas. Sector La Bah\u00eda: aproximadamente 20 viviendas afectadas.<\/p>\n\n\n\n<p class=\"wp-block-paragraph\">En Cabarete, Puerto Plata, se report\u00f3 que debido al oleaje anormal y fuerte marea, la estructura de un local fue parcialmente afectada. Adem\u00e1s, en las playas Maim\u00f3n y Teco se reportaron da\u00f1os en casetas comerciales de forma parcial. No se reportaron v\u00edctimas.<\/p>\n\n\n\n<p class=\"wp-block-paragraph\">En la provincia Valverde, espec\u00edficamente en el municipio de Mao, se reportaron fuertes r\u00e1fagas de viento en el sector Hato Nuevo, distrito municipal de Amina, las cuales ocasionaron la ca\u00edda de \u00e1rboles y postes del tendido el\u00e9ctrico. No se registraron personas lesionadas ni afectaciones humanas. En respuesta al evento, se realizaron labores de poda y despeje de v\u00edas.<\/p>\n\n\n\n<p class=\"wp-block-paragraph\">Asimismo, se produjeron inundaciones urbanas repentinas en los sectores Bellos Atardeceres y Las 300, situaci\u00f3n que posteriormente retorn\u00f3 a la normalidad.<\/p>\n\n\n\n<p class=\"wp-block-paragraph\">En el municipio de Villa Altagracia, las precipitaciones registradas durante las \u00faltimas horas han provocado inundaciones urbanas en diversos sectores, as\u00ed como el desbordamiento de ca\u00f1adas en la comunidad del kil\u00f3metro 28.<\/p>\n\n\n\n<p class=\"wp-block-paragraph\">En Nizao, desde las primeras horas de la noche se registran aguaceros moderados a fuertes, acompa\u00f1ados de tormentas el\u00e9ctricas y r\u00e1fagas de viento. Hasta el momento, no se reportan incidentes ni afectaciones de relevancia.<\/p>\n\n\n\n<p class=\"wp-block-paragraph\">Por otro lado, en sector Brisas del Lebr\u00f3n en Los Alcarrizos, se produjeron inundaciones urbanas que dejaron un total de 12 viviendas anegadas, retornando posteriormente la situaci\u00f3n a la normalidad<\/p>\n\n\n\n<p class=\"wp-block-paragraph\">En Santiago Rodr\u00edguez, municipio de Sabaneta, se registr\u00f3 la ca\u00edda de un \u00e1rbol que obstaculiz\u00f3 el tr\u00e1nsito vehicular debido a las fuertes lluvias y la saturaci\u00f3n del terreno, siendo restablecido posteriormente el paso.<\/p>\n\n\n\n<p class=\"wp-block-paragraph\">En la provincia San Pedro de Macor\u00eds, se reportan inundaciones urbanas en diferentes sectores y calles del municipio de San Pedro de Macor\u00eds, principalmente asociadas a deficiencias en el sistema de drenaje pluvial.<\/p>\n","protected":false},"excerpt":{"rendered":"<p>Debido a estas lluvias un total de 100 viviendas en todo el pa\u00eds resultaron afectadas<\/p>\n","protected":false},"author":1,"featured_media":29490,"comment_status":"open","ping_status":"open","sticky":false,"template":"","format":"standard","meta":{"footnotes":""},"categories":[12],"tags":[],"class_list":["post-29489","post","type-post","status-publish","format-standard","has-post-thumbnail","hentry","category-nacionales"],"_links":{"self":[{"href":"https:\/\/samantharadionline.com\/index.php\/wp-json\/wp\/v2\/posts\/29489","targetHints":{"allow":["GET"]}}],"collection":[{"href":"https:\/\/samantharadionline.com\/index.php\/wp-json\/wp\/v2\/posts"}],"about":[{"href":"https:\/\/samantharadionline.com\/index.php\/wp-json\/wp\/v2\/types\/post"}],"author":[{"embeddable":true,"href":"https:\/\/samantharadionline.com\/index.php\/wp-json\/wp\/v2\/users\/1"}],"replies":[{"embeddable":true,"href":"https:\/\/samantharadionline.com\/index.php\/wp-json\/wp\/v2\/comments?post=29489"}],"version-history":[{"count":1,"href":"https:\/\/samantharadionline.com\/index.php\/wp-json\/wp\/v2\/posts\/29489\/revisions"}],"predecessor-version":[{"id":29491,"href":"https:\/\/samantharadionline.com\/index.php\/wp-json\/wp\/v2\/posts\/29489\/revisions\/29491"}],"wp:featuredmedia":[{"embeddable":true,"href":"https:\/\/samantharadionline.com\/index.php\/wp-json\/wp\/v2\/media\/29490"}],"wp:attachment":[{"href":"https:\/\/samantharadionline.com\/index.php\/wp-json\/wp\/v2\/media?parent=29489"}],"wp:term":[{"taxonomy":"category","embeddable":true,"href":"https:\/\/samantharadionline.com\/index.php\/wp-json\/wp\/v2\/categories?post=29489"},{"taxonomy":"post_tag","embeddable":true,"href":"https:\/\/samantharadionline.com\/index.php\/wp-json\/wp\/v2\/tags?post=29489"}],"curies":[{"name":"wp","href":"https:\/\/api.w.org\/{rel}","templated":true}]}}