{"id":29486,"date":"2026-09-01T20:27:42","date_gmt":"2026-09-02T00:27:42","guid":{"rendered":"https:\/\/samantharadionline.com\/?p=29486"},"modified":"2026-09-01T20:27:42","modified_gmt":"2026-09-02T00:27:42","slug":"fallece-madre-de-maridalia-hernandez","status":"publish","type":"post","link":"https:\/\/samantharadionline.com\/index.php\/2026\/09\/01\/fallece-madre-de-maridalia-hernandez\/","title":{"rendered":"Fallece madre de Maridalia Hern\u00e1ndez"},"content":{"rendered":"\n<h2 class=\"wp-block-heading has-medium-font-size\">\u200b<em>Sus restos ser\u00e1n expuestos ma\u00f1ana mi\u00e9rcoles 2 de septiembre, de 9:00 de la ma\u00f1ana a 2:00 de la tarde, en la funeraria Blandino de la avenida Abraham Lincoln, en el Distrito Nacional<\/em><\/h2>\n\n\n\n<p class=\"wp-block-paragraph\"><strong>Santo Domingo, RD<\/strong><\/p>\n\n\n\n<p class=\"wp-block-paragraph\"><strong>Matilde Josefina Morel Franco<\/strong>, madre de la reconocida artista&nbsp;<strong>Maridalia Hern\u00e1dez<\/strong>, falleci\u00f3 la noche de este lunes 31 de agosto tras presentar problemas de salud.&nbsp;<\/p>\n\n\n\n<p class=\"wp-block-paragraph\">Su familia confirm\u00f3 la noticia a trav\u00e9s de un comunicado publicado en redes sociales.&nbsp;<\/p>\n\n\n\n<p class=\"wp-block-paragraph\">\u00abSu energ\u00eda, su fortaleza y su fe permanecer\u00e1n por siempre en nuestros corazones y ser\u00e1n parte del hermoso legado que nos deja\u00bb, dice el comunicado.<\/p>\n\n\n\n<p class=\"wp-block-paragraph\">\u00ab<strong><em>Descansa en paz, adorada Josefina. Tu amor y tu recuerdo vivir\u00e1n siempre entre nosotros<\/em><\/strong>\u00ab, a\u00f1ade.<\/p>\n\n\n\n<p class=\"wp-block-paragraph\">Morel Franco estuvo casada&nbsp;con&nbsp;<strong>Julio Alejandro Hern\u00e1ndez Santelises<\/strong>, fallecido en 2019.<\/p>\n\n\n\n<p class=\"wp-block-paragraph\">A Morel Franco le sobreviven sus hijos, Maridalia y&nbsp;<strong>Jos\u00e9 Julio Hern\u00e1ndez Morel<\/strong>, y sus nietos Camila Jim\u00e9nez Hern\u00e1ndez, Gabriel, Sebasti\u00e1n y Daniel Hern\u00e1ndez.<\/p>\n\n\n\n<p class=\"wp-block-paragraph\">Sus restos ser\u00e1n&nbsp;expuestos ma\u00f1ana mi\u00e9rcoles 2 de septiembre, de 9:00 de la ma\u00f1ana a 2:00 de la tarde, en la funeraria Blandino de la avenida Abraham Lincoln, en el Distrito Nacional.<\/p>\n\n\n\n<p class=\"wp-block-paragraph\">Posteriormente,&nbsp;el entierro ser\u00e1 en el&nbsp;<strong><em>Cementerio Nacional M\u00e1ximo G\u00f3mez.<\/em><\/strong><\/p>\n","protected":false},"excerpt":{"rendered":"<p>\u200bSus restos ser\u00e1n expuestos ma\u00f1ana mi\u00e9rcoles 2 de septiembre, de 9:00 de la ma\u00f1ana a<\/p>\n","protected":false},"author":1,"featured_media":29487,"comment_status":"open","ping_status":"open","sticky":false,"template":"","format":"standard","meta":{"footnotes":""},"categories":[11],"tags":[],"class_list":["post-29486","post","type-post","status-publish","format-standard","has-post-thumbnail","hentry","category-entretenimiento"],"_links":{"self":[{"href":"https:\/\/samantharadionline.com\/index.php\/wp-json\/wp\/v2\/posts\/29486","targetHints":{"allow":["GET"]}}],"collection":[{"href":"https:\/\/samantharadionline.com\/index.php\/wp-json\/wp\/v2\/posts"}],"about":[{"href":"https:\/\/samantharadionline.com\/index.php\/wp-json\/wp\/v2\/types\/post"}],"author":[{"embeddable":true,"href":"https:\/\/samantharadionline.com\/index.php\/wp-json\/wp\/v2\/users\/1"}],"replies":[{"embeddable":true,"href":"https:\/\/samantharadionline.com\/index.php\/wp-json\/wp\/v2\/comments?post=29486"}],"version-history":[{"count":1,"href":"https:\/\/samantharadionline.com\/index.php\/wp-json\/wp\/v2\/posts\/29486\/revisions"}],"predecessor-version":[{"id":29488,"href":"https:\/\/samantharadionline.com\/index.php\/wp-json\/wp\/v2\/posts\/29486\/revisions\/29488"}],"wp:featuredmedia":[{"embeddable":true,"href":"https:\/\/samantharadionline.com\/index.php\/wp-json\/wp\/v2\/media\/29487"}],"wp:attachment":[{"href":"https:\/\/samantharadionline.com\/index.php\/wp-json\/wp\/v2\/media?parent=29486"}],"wp:term":[{"taxonomy":"category","embeddable":true,"href":"https:\/\/samantharadionline.com\/index.php\/wp-json\/wp\/v2\/categories?post=29486"},{"taxonomy":"post_tag","embeddable":true,"href":"https:\/\/samantharadionline.com\/index.php\/wp-json\/wp\/v2\/tags?post=29486"}],"curies":[{"name":"wp","href":"https:\/\/api.w.org\/{rel}","templated":true}]}}