{"id":29483,"date":"2026-08-31T23:02:36","date_gmt":"2026-09-01T03:02:36","guid":{"rendered":"https:\/\/samantharadionline.com\/?p=29483"},"modified":"2026-08-31T23:02:36","modified_gmt":"2026-09-01T03:02:36","slug":"primer-tramo-del-teleferico-de-sdo-y-monorriel-de-santiago-comenzarian-a-funcionar-a-finales-de-este-ano","status":"publish","type":"post","link":"https:\/\/samantharadionline.com\/index.php\/2026\/08\/31\/primer-tramo-del-teleferico-de-sdo-y-monorriel-de-santiago-comenzarian-a-funcionar-a-finales-de-este-ano\/","title":{"rendered":"Primer tramo del telef\u00e9rico de SDO y Monorriel de Santiago comenzar\u00edan a funcionar a finales de este a\u00f1o"},"content":{"rendered":"\n<h2 class=\"wp-block-heading has-medium-font-size\"><em>Isa explic\u00f3 que el primer tramo de la l\u00ednea tres del Telef\u00e9rico de Santo Domingo conectar\u00e1 a Buenos Aires de Herrera y Pintura con el kil\u00f3metro 9 de la Autopista Duarte y la estaci\u00f3n del Metro, Mar\u00eda Montes, que est\u00e1 ubicado en ese sector<\/em><\/h2>\n\n\n\n<figure class=\"wp-block-image\"><img decoding=\"async\" src=\"https:\/\/listindiario.com\/files\/image_60_60\/uploads\/2026\/06\/09\/6a288db593bd3.jpeg\" alt=\"Avatar del Javier Flores\"\/><\/figure>\n\n\n\n<p class=\"wp-block-paragraph\"><strong><em>\u00a0<\/em>Javier Flores, Santo Domingo, RD<\/strong><\/p>\n\n\n\n<p class=\"wp-block-paragraph\">El Gobierno prev\u00e9 que para diciembre de este a\u00f1o est\u00e9n en funcionamiento tanto el primer el tramo del Telef\u00e9rico de Santo Domingo Oeste como el Monorriel de Santiago de los Caballeros.<\/p>\n\n\n\n<p class=\"wp-block-paragraph\">La informaci\u00f3n fue dada por Jhael Isa, director ejecutivo del Fideicomiso para el Desarrollo del Sistema de Transporte Masivo de la Rep\u00fablica Dominicana (Fitram), durante la celebraci\u00f3n de LA Agenda Semanal, encabezada por el presidente Luis Abinader.<\/p>\n\n\n\n<p class=\"wp-block-paragraph\">Isa explic\u00f3 que el primer tramo de la l\u00ednea tres del Telef\u00e9rico de Santo Domingo conectar\u00e1 a Buenos Aires de Herrera y Pintura con el kil\u00f3metro 9 de la Autopista Duarte y la estaci\u00f3n del Metro, Mar\u00eda Montes, que est\u00e1 ubicado en ese sector.<\/p>\n\n\n\n<p class=\"wp-block-paragraph\">Se\u00f1al\u00f3, adem\u00e1s, que la segunda etapa se entregar\u00eda en el 2027 hacia sectores como El Caf\u00e9 de Herrera y comunidades de Santo Domingo Oeste, llegando a conectar directamente con el municipio de Haina en San Crist\u00f3bal.<\/p>\n\n\n\n<p class=\"wp-block-paragraph\">\u201cCon esto queremos que quienes vivan en San Crist\u00f3bal podr\u00e1n llegar hasta Haina y subir al telef\u00e9rico para ingresar a la ciudad\u201d, manifest\u00f3 Abinader.<\/p>\n\n\n\n<p class=\"wp-block-paragraph\">Con relaci\u00f3n al Monorriel de Santiago, Isa se\u00f1al\u00f3 que la fecha de diciembre para la entrega es \u201cla definitiva\u201d ya que se resolvieron todos los elementos que retrasaban la terminaci\u00f3n de la obra. El mismo indic\u00f3 que ya desde el mes de octubre se ir\u00e1n desarrollando las diferentes pruebas din\u00e1micas para completar la circulaci\u00f3n de los trenes en el mes de diciembre.<\/p>\n\n\n\n<p class=\"wp-block-paragraph\">El Monorriel de Santiago tendr\u00e1 aproximadamente 13 kil\u00f3metros de recorrido, adem\u00e1s de unos cuatro kil\u00f3metros correspondientes al patio-taller, 14 estaciones y capacidad para movilizar hasta 20 mil pasajeros por hora por sentido.<\/p>\n\n\n\n<h3 class=\"wp-block-heading\">Ampliaci\u00f3n del sistema<\/h3>\n\n\n\n<p class=\"wp-block-paragraph\">Isa se\u00f1al\u00f3 que para agosto de 2028, la gesti\u00f3n de Luis Abinader habr\u00e1 construido unos 38 kil\u00f3metros de Metro, telef\u00e9rico y monorriel de Santiago; sin incluir el monorriel de Santo Domingo.<\/p>\n\n\n\n<p class=\"wp-block-paragraph\">Entre las obras incorporadas en los \u00faltimos a\u00f1os se destac\u00f3 el telef\u00e9rico de Los Alcarrizos, la l\u00ednea de telef\u00e9rico de Santiago puesta en servicio en 2024, la ampliaci\u00f3n de la capacidad de la L\u00ednea 1 del Metro en 2025 y la extensi\u00f3n de la L\u00ednea 2C inaugurada en febrero de este a\u00f1o.<\/p>\n","protected":false},"excerpt":{"rendered":"<p>Isa explic\u00f3 que el primer tramo de la l\u00ednea tres del Telef\u00e9rico de Santo Domingo<\/p>\n","protected":false},"author":1,"featured_media":29484,"comment_status":"open","ping_status":"open","sticky":false,"template":"","format":"standard","meta":{"footnotes":""},"categories":[12],"tags":[],"class_list":["post-29483","post","type-post","status-publish","format-standard","has-post-thumbnail","hentry","category-nacionales"],"_links":{"self":[{"href":"https:\/\/samantharadionline.com\/index.php\/wp-json\/wp\/v2\/posts\/29483","targetHints":{"allow":["GET"]}}],"collection":[{"href":"https:\/\/samantharadionline.com\/index.php\/wp-json\/wp\/v2\/posts"}],"about":[{"href":"https:\/\/samantharadionline.com\/index.php\/wp-json\/wp\/v2\/types\/post"}],"author":[{"embeddable":true,"href":"https:\/\/samantharadionline.com\/index.php\/wp-json\/wp\/v2\/users\/1"}],"replies":[{"embeddable":true,"href":"https:\/\/samantharadionline.com\/index.php\/wp-json\/wp\/v2\/comments?post=29483"}],"version-history":[{"count":1,"href":"https:\/\/samantharadionline.com\/index.php\/wp-json\/wp\/v2\/posts\/29483\/revisions"}],"predecessor-version":[{"id":29485,"href":"https:\/\/samantharadionline.com\/index.php\/wp-json\/wp\/v2\/posts\/29483\/revisions\/29485"}],"wp:featuredmedia":[{"embeddable":true,"href":"https:\/\/samantharadionline.com\/index.php\/wp-json\/wp\/v2\/media\/29484"}],"wp:attachment":[{"href":"https:\/\/samantharadionline.com\/index.php\/wp-json\/wp\/v2\/media?parent=29483"}],"wp:term":[{"taxonomy":"category","embeddable":true,"href":"https:\/\/samantharadionline.com\/index.php\/wp-json\/wp\/v2\/categories?post=29483"},{"taxonomy":"post_tag","embeddable":true,"href":"https:\/\/samantharadionline.com\/index.php\/wp-json\/wp\/v2\/tags?post=29483"}],"curies":[{"name":"wp","href":"https:\/\/api.w.org\/{rel}","templated":true}]}}