{"id":29476,"date":"2026-08-31T18:03:23","date_gmt":"2026-08-31T22:03:23","guid":{"rendered":"https:\/\/samantharadionline.com\/?p=29476"},"modified":"2026-08-31T18:03:23","modified_gmt":"2026-08-31T22:03:23","slug":"discrepancia-por-suspension-de-la-jce-a-restricciones-a-encuestas","status":"publish","type":"post","link":"https:\/\/samantharadionline.com\/index.php\/2026\/08\/31\/discrepancia-por-suspension-de-la-jce-a-restricciones-a-encuestas\/","title":{"rendered":"Discrepancia por suspensi\u00f3n de la JCE a restricciones a encuestas"},"content":{"rendered":"\n<p class=\"has-medium-font-size wp-block-paragraph\"><em>Algunos consideran que la suspensi\u00f3n responde a presiones de sectores pol\u00edticos<\/em><\/p>\n\n\n\n<figure class=\"wp-block-image is-resized\"><a class=\"meta-el meta-avatar\" href=\"https:\/\/deultimominuto.com\/author\/cesilia-feliz\/\"><img decoding=\"async\" src=\"https:\/\/cdn.deultimominuto.com\/wp-content\/uploads\/2024\/03\/cropped-elsa-cesilia.jpg\" alt=\"Elsa Cesilia Feliz\" style=\"aspect-ratio:1;width:120px;height:auto\"\/><\/a><\/figure>\n\n\n\n<p class=\"wp-block-paragraph\"><strong>By Elsa Cesilia Feliz<\/strong><\/p>\n\n\n\n<p class=\"wp-block-paragraph\"><strong>Santo Domingo<\/strong>.\u2013 La decisi\u00f3n de la\u00a0<strong>Junta Central Electoral<\/strong>\u00a0(JCE) de suspender provisionalmente las restricciones a la publicaci\u00f3n de encuestas electorales fuera de los per\u00edodos oficiales de precampa\u00f1a y campa\u00f1a gener\u00f3 posiciones encontradas entre diputados de distintas organizaciones pol\u00edticas.<a href=\"https:\/\/www.instagram.com\/cervezarepublicard\/?hl=es\" target=\"_blank\" rel=\"noopener\"><\/a><\/p>\n\n\n\n<p class=\"wp-block-paragraph\">El diputado&nbsp;<strong>Eugenio Cede\u00f1o<\/strong>&nbsp;valor\u00f3 la decisi\u00f3n de la JCE y consider\u00f3 que la publicaci\u00f3n de encuestas no perjudica a la ciudadan\u00eda ni altera el ambiente pol\u00edtico, sino que permite conocer c\u00f3mo se encuentra el panorama electoral en un momento determinado.<\/p>\n\n\n\n<blockquote class=\"wp-block-quote is-layout-flow wp-block-quote-is-layout-flow\">\n<p class=\"wp-block-paragraph\">\u201c\u00bfDa\u00f1a la informaci\u00f3n a alguien? \u00bfDa\u00f1a que el pueblo tenga un conocimiento de c\u00f3mo est\u00e1 el espectro pol\u00edtico en un momento como este? Eso no da\u00f1a\u201d, expres\u00f3.<\/p>\n<\/blockquote>\n\n\n\n<p class=\"wp-block-paragraph\">Cede\u00f1o, quien hab\u00eda cuestionado previamente la restricci\u00f3n, felicit\u00f3 al presidente y a los dem\u00e1s miembros de la JCE por reconsiderar la medida, se\u00f1alando que el reglamento pudo haber estado \u201cfuera de lugar\u201d y que su aplicaci\u00f3n no era necesaria en este momento.<\/p>\n\n\n\n<h5 class=\"wp-block-heading\">\u201cLa simple revocaci\u00f3n del reglamento dice que no era correcto ni era necesario\u201d, sostuvo el legislador, quien entiende que la decisi\u00f3n contribuye a preservar la tranquilidad en el escenario pol\u00edtico nacional.<\/h5>\n\n\n\n<p class=\"wp-block-paragraph\">En una posici\u00f3n distinta, el diputado de Alianza Pa\u00eds, Pedro Mart\u00ednez, lament\u00f3 que el \u00f3rgano electoral tuviera que retroceder y atribuy\u00f3 la situaci\u00f3n a las debilidades institucionales que, a su juicio, afectan la organizaci\u00f3n de los procesos electorales.<\/p>\n\n\n\n<p class=\"wp-block-paragraph\">Al ser cuestionado sobre si la suspensi\u00f3n pudo responder a presiones, Mart\u00ednez respondi\u00f3 afirmativamente y se\u00f1al\u00f3 a \u201c<strong>los sectores que tienen el control y el dominio del accionar pol\u00edtico en la Rep\u00fablica Dominicana<\/strong>\u201d, haciendo referencia a los partidos mayoritarios.<\/p>\n\n\n\n<p class=\"wp-block-paragraph\">Advirti\u00f3 que las limitaciones de la JCE para sancionar a los actores pol\u00edticos terminan reflej\u00e1ndose durante las elecciones en pr\u00e1cticas como la compra de votos y otras irregularidades.<\/p>\n\n\n\n<h4 class=\"wp-block-heading\">Leer M\u00e1s<\/h4>\n\n\n\n<p class=\"wp-block-paragraph\"><\/p>\n\n\n\n<p class=\"wp-block-paragraph\">De su lado, el diputado Ram\u00f3n Raposo sostuvo que las decisiones adoptadas en materia electoral deben estar acompa\u00f1adas de explicaciones claras a la ciudadan\u00eda y ejecutarse sin que los \u00f3rganos responsables incurran en extralimitaciones.<\/p>\n\n\n\n<p class=\"wp-block-paragraph\">Raposo defendi\u00f3, sin embargo, que la JCE asuma plenamente su papel de \u00e1rbitro ante el activismo pol\u00edtico que, seg\u00fan afirm\u00f3, ya se registra a casi dos a\u00f1os de las elecciones presidenciales de 2028.<\/p>\n\n\n\n<p class=\"wp-block-paragraph\">El legislador se\u00f1al\u00f3 particularmente a funcionarios que han expresado p\u00fablicamente aspiraciones presidenciales mientras permanecen al frente de instituciones estatales, al considerar que en algunos casos&nbsp;<strong>\u201cno se observa un hilo divisor entre las acciones que llevan a cabo y las instituciones que dirigen<\/strong>\u201d.<\/p>\n\n\n\n<h3 class=\"wp-block-heading\">J\u00e1quez rechaza que la JCE cediera a presiones<\/h3>\n\n\n\n<p class=\"wp-block-paragraph\">Ante los cuestionamientos surgidos por la suspensi\u00f3n de la medida, el presidente de la Junta Central Electoral, Rom\u00e1n J\u00e1quez Liranzo, rechaz\u00f3 que el organismo haya cedido ante presiones pol\u00edticas o de otros sectores.<\/p>\n\n\n\n<p class=\"wp-block-paragraph\">Al ser abordado este lunes sobre la decisi\u00f3n y cuestionado acerca de si a la instituci\u00f3n le hab\u00edan&nbsp;<strong>\u201ctumbado el pulso<\/strong>\u201d, J\u00e1quez respondi\u00f3 de manera enf\u00e1tica: \u201c<strong>La Junta no se arrodilla ni para pedir matrimonio<\/strong>\u201d.<\/p>\n\n\n\n<p class=\"wp-block-paragraph\">Con su declaraci\u00f3n, el presidente del \u00f3rgano electoral defendi\u00f3 la independencia de la instituci\u00f3n frente a las interpretaciones de que la suspensi\u00f3n de las restricciones a las encuestas habr\u00eda sido producto de las presiones generadas tras la aprobaci\u00f3n de la medida.<\/p>\n","protected":false},"excerpt":{"rendered":"<p>Algunos consideran que la suspensi\u00f3n responde a presiones de sectores pol\u00edticos By Elsa Cesilia Feliz<\/p>\n","protected":false},"author":1,"featured_media":29477,"comment_status":"open","ping_status":"open","sticky":false,"template":"","format":"standard","meta":{"footnotes":""},"categories":[12],"tags":[],"class_list":["post-29476","post","type-post","status-publish","format-standard","has-post-thumbnail","hentry","category-nacionales"],"_links":{"self":[{"href":"https:\/\/samantharadionline.com\/index.php\/wp-json\/wp\/v2\/posts\/29476","targetHints":{"allow":["GET"]}}],"collection":[{"href":"https:\/\/samantharadionline.com\/index.php\/wp-json\/wp\/v2\/posts"}],"about":[{"href":"https:\/\/samantharadionline.com\/index.php\/wp-json\/wp\/v2\/types\/post"}],"author":[{"embeddable":true,"href":"https:\/\/samantharadionline.com\/index.php\/wp-json\/wp\/v2\/users\/1"}],"replies":[{"embeddable":true,"href":"https:\/\/samantharadionline.com\/index.php\/wp-json\/wp\/v2\/comments?post=29476"}],"version-history":[{"count":1,"href":"https:\/\/samantharadionline.com\/index.php\/wp-json\/wp\/v2\/posts\/29476\/revisions"}],"predecessor-version":[{"id":29478,"href":"https:\/\/samantharadionline.com\/index.php\/wp-json\/wp\/v2\/posts\/29476\/revisions\/29478"}],"wp:featuredmedia":[{"embeddable":true,"href":"https:\/\/samantharadionline.com\/index.php\/wp-json\/wp\/v2\/media\/29477"}],"wp:attachment":[{"href":"https:\/\/samantharadionline.com\/index.php\/wp-json\/wp\/v2\/media?parent=29476"}],"wp:term":[{"taxonomy":"category","embeddable":true,"href":"https:\/\/samantharadionline.com\/index.php\/wp-json\/wp\/v2\/categories?post=29476"},{"taxonomy":"post_tag","embeddable":true,"href":"https:\/\/samantharadionline.com\/index.php\/wp-json\/wp\/v2\/tags?post=29476"}],"curies":[{"name":"wp","href":"https:\/\/api.w.org\/{rel}","templated":true}]}}