{"id":29473,"date":"2026-08-31T17:53:43","date_gmt":"2026-08-31T21:53:43","guid":{"rendered":"https:\/\/samantharadionline.com\/?p=29473"},"modified":"2026-08-31T17:53:43","modified_gmt":"2026-08-31T21:53:43","slug":"un-pastor-habria-sido-una-de-las-personas-detras-de-la-presunta-red-de-maltrato-infantil-en-haina","status":"publish","type":"post","link":"https:\/\/samantharadionline.com\/index.php\/2026\/08\/31\/un-pastor-habria-sido-una-de-las-personas-detras-de-la-presunta-red-de-maltrato-infantil-en-haina\/","title":{"rendered":"Un pastor habr\u00eda sido una de las personas detr\u00e1s de la presunta red de maltrato infantil en Haina"},"content":{"rendered":"\n<h2 class=\"wp-block-heading\"><em>Entre las personas detenidas se encuentra \u00c1ngel Gabriel Capell\u00e1n, quien, seg\u00fan las autoridades, era conocido como \u201cEl Pastor\u201d o \u201cEl Capell\u00e1n\u201d y se desempe\u00f1aba como pastor dentro de la fundaci\u00f3n. Entre los menores que fueron recuperados por los oficiales se encuentra un beb\u00e9 de tres meses de edad. Los otros tienen edades que van desde los 3 a los 14 a\u00f1os<\/em><\/h2>\n\n\n\n<figure class=\"wp-block-image\"><img decoding=\"async\" src=\"https:\/\/listindiario.com\/files\/image_60_60\/uploads\/2025\/11\/03\/690930036b86b.jpeg\" alt=\"Avatar del Josu\u00e9 Batista Ram\u00edrez\"\/><\/figure>\n\n\n\n<p class=\"wp-block-paragraph\"><em>\u00a0<\/em><strong>Josu\u00e9 Batista Ram\u00edrez, Santo Domingo, RD\u00a0<\/strong><\/p>\n\n\n\n<p class=\"wp-block-paragraph\">Una denuncia realizada por un&nbsp;<strong>menor de 12 a\u00f1os<\/strong>&nbsp;destap\u00f3 una presunta red de&nbsp;<strong>maltrato, explotaci\u00f3n y trata de menores&nbsp;<\/strong>que operaba en La Pared de Haina, San Crist\u00f3bal.<\/p>\n\n\n\n<p class=\"wp-block-paragraph\">El infante se acerc\u00f3 con un adulto a una dotaci\u00f3n policial ubicada en Hatillo, San Crist\u00f3bal, e inform\u00f3 que dentro de la \u201c<strong>Fundaci\u00f3n Restaurando Vida, un Muerto que Revive<\/strong>\u201d recibi\u00f3&nbsp;<strong>maltratos f\u00edsicos y trabajo forzoso<\/strong>&nbsp;durante un tiempo indefinido.<\/p>\n\n\n\n<p class=\"wp-block-paragraph\">Los agentes policiales hicieron caso, lo que provoc\u00f3 que el \u00f3rgano policial, el Ministerio P\u00fablico y el Consejo Nacional para la Ni\u00f1ez y la Adolescencia (Conani) y Departamento de Tr\u00e1fico y Trata de Personas rescataran a 14 menores y apresaran a 13 personas.<\/p>\n\n\n\n<p class=\"wp-block-paragraph\">Entre las personas detenidas se encuentra&nbsp;<strong>\u00c1ngel Gabriel Capell\u00e1n<\/strong>, quien, seg\u00fan las autoridades, era conocido como<strong>&nbsp;\u201cEl Pastor\u201d o \u201cEl Capell\u00e1n\u201d<\/strong>&nbsp;y se desempe\u00f1aba como pastor dentro de la fundaci\u00f3n.<\/p>\n\n\n\n<p class=\"wp-block-paragraph\">Al ser interrogado, Capell\u00e1n asever\u00f3 que los menores eran recibidos para poder ayudar a sus familiares, que se encontraban en&nbsp;<strong>situaci\u00f3n de vulnerabilidad&nbsp;<\/strong>y que eran enviados a una escuela denominada \u201cLa Feliciana\u201d.<\/p>\n\n\n\n<p class=\"wp-block-paragraph\">Asimismo, manifest\u00f3 que los gastos de manutenci\u00f3n eran cubiertos por ingresos provenientes de&nbsp;<strong>actividades agr\u00edcolas, trabajos de alba\u00f1iler\u00eda, crianzas de cerdo<\/strong>&nbsp;y supuestas ayudas de misioneros procedentes de Puerto Rico.<\/p>\n\n\n\n<p class=\"wp-block-paragraph\">Sin embargo, la ministra de Interior y Polic\u00eda,&nbsp;<strong>Faride Raful<\/strong>, explic\u00f3 que el menor de 13 a\u00f1os asegur\u00f3 que resid\u00eda junto a otros seis menores m\u00e1s en la residencia y que presuntamente era obligado a realizar&nbsp;<strong>labores pesadas con maderas&nbsp;<\/strong>para la construcci\u00f3n de una casa.<\/p>\n\n\n\n<p class=\"wp-block-paragraph\">Asever\u00f3 que encontraron golpes en su&nbsp;<strong>anatom\u00eda y quemaduras en sus manos<\/strong>.<\/p>\n\n\n\n<p class=\"wp-block-paragraph\">Adem\u00e1s, coment\u00f3 que&nbsp;<strong>permanecer de rodillas&nbsp;<\/strong>por un largo periodo de tiempo y estar&nbsp;<strong>privado de la alimentaci\u00f3n durante varios d\u00edas&nbsp;<\/strong>fueron dos de los castigos que recibi\u00f3.<\/p>\n\n\n\n<p class=\"wp-block-paragraph\">\u201cEsto es parte de una investigaci\u00f3n que exige su continuidad, pero que gracias a la denuncia de este menor de edad las autoridades pudieron salvar a los menores de edad\u201d, expres\u00f3 Raful despu\u00e9s de concluida la reuni\u00f3n de seguimiento al Plan de Seguridad Ciudadana.<\/p>\n\n\n\n<p class=\"wp-block-paragraph\">Entre los menores que fueron recuperados por los oficiales se encuentra un beb\u00e9 de&nbsp;<strong>tres meses de edad<\/strong>. Los otros tienen edades que van desde&nbsp;<strong>los 3 a los 14 a\u00f1os<\/strong>.<\/p>\n","protected":false},"excerpt":{"rendered":"<p>Entre las personas detenidas se encuentra \u00c1ngel Gabriel Capell\u00e1n, quien, seg\u00fan las autoridades, era conocido<\/p>\n","protected":false},"author":1,"featured_media":29474,"comment_status":"open","ping_status":"open","sticky":false,"template":"","format":"standard","meta":{"footnotes":""},"categories":[12],"tags":[],"class_list":["post-29473","post","type-post","status-publish","format-standard","has-post-thumbnail","hentry","category-nacionales"],"_links":{"self":[{"href":"https:\/\/samantharadionline.com\/index.php\/wp-json\/wp\/v2\/posts\/29473","targetHints":{"allow":["GET"]}}],"collection":[{"href":"https:\/\/samantharadionline.com\/index.php\/wp-json\/wp\/v2\/posts"}],"about":[{"href":"https:\/\/samantharadionline.com\/index.php\/wp-json\/wp\/v2\/types\/post"}],"author":[{"embeddable":true,"href":"https:\/\/samantharadionline.com\/index.php\/wp-json\/wp\/v2\/users\/1"}],"replies":[{"embeddable":true,"href":"https:\/\/samantharadionline.com\/index.php\/wp-json\/wp\/v2\/comments?post=29473"}],"version-history":[{"count":1,"href":"https:\/\/samantharadionline.com\/index.php\/wp-json\/wp\/v2\/posts\/29473\/revisions"}],"predecessor-version":[{"id":29475,"href":"https:\/\/samantharadionline.com\/index.php\/wp-json\/wp\/v2\/posts\/29473\/revisions\/29475"}],"wp:featuredmedia":[{"embeddable":true,"href":"https:\/\/samantharadionline.com\/index.php\/wp-json\/wp\/v2\/media\/29474"}],"wp:attachment":[{"href":"https:\/\/samantharadionline.com\/index.php\/wp-json\/wp\/v2\/media?parent=29473"}],"wp:term":[{"taxonomy":"category","embeddable":true,"href":"https:\/\/samantharadionline.com\/index.php\/wp-json\/wp\/v2\/categories?post=29473"},{"taxonomy":"post_tag","embeddable":true,"href":"https:\/\/samantharadionline.com\/index.php\/wp-json\/wp\/v2\/tags?post=29473"}],"curies":[{"name":"wp","href":"https:\/\/api.w.org\/{rel}","templated":true}]}}