{"id":29466,"date":"2026-08-31T17:45:36","date_gmt":"2026-08-31T21:45:36","guid":{"rendered":"https:\/\/samantharadionline.com\/?p=29466"},"modified":"2026-08-31T17:45:36","modified_gmt":"2026-08-31T21:45:36","slug":"el-coe-eleva-a-cuatro-las-provincias-en-alerta-amarilla-y-mantiene-diez-en-verde-por-onda-tropical","status":"publish","type":"post","link":"https:\/\/samantharadionline.com\/index.php\/2026\/08\/31\/el-coe-eleva-a-cuatro-las-provincias-en-alerta-amarilla-y-mantiene-diez-en-verde-por-onda-tropical\/","title":{"rendered":"El COE eleva a cuatro las provincias en alerta amarilla y mantiene diez en verde por onda tropical"},"content":{"rendered":"\n<h2 class=\"wp-block-heading has-medium-font-size\"><em>En alerta amarilla figuran Santo Domingo, el Distrito Nacional, San Crist\u00f3bal y Monte Plata<\/em><\/h2>\n\n\n\n<figure class=\"wp-block-image\"><img decoding=\"async\" src=\"https:\/\/listindiario.com\/files\/image_60_60\/uploads\/2025\/01\/21\/678fb75857033.png\" alt=\"Avatar del Elkys Cruz\"\/><\/figure>\n\n\n\n<p class=\"wp-block-paragraph\"><strong><em>\u00a0<\/em>Elkys Cruz, Santo Domingo, RD<\/strong><\/p>\n\n\n\n<p class=\"wp-block-paragraph\">El Centro de Operaciones de Emergencia (COE) aument\u00f3 a cuatro las provincias en&nbsp;<strong>alerta amarilla<\/strong>, mientras que diez se mantienen en verde, debido a una activa onda tropical asociada a los&nbsp;<strong>remanentes de Dolly<\/strong>, la cual ha estado incrementando la humedad en el pa\u00eds.<\/p>\n\n\n\n<p class=\"wp-block-paragraph\">A trav\u00e9s de sus redes sociales, la entidad inform\u00f3 que bajo alerta amarilla figuran&nbsp;<strong>Santo Domingo, el Distrito Nacional, San Crist\u00f3bal&nbsp;<\/strong>y<strong>&nbsp;Monte Plata<\/strong>.<\/p>\n\n\n\n<p class=\"wp-block-paragraph\">En tanto que las localidades que se encuentran en verde son&nbsp;<strong>Saman\u00e1, San Pedro de Macor\u00eds, Hato Mayor, La Romana, El Seibo, La Altagracia, S\u00e1nchez Ram\u00edrez, San Jos\u00e9 de Ocoa, Peravia&nbsp;<\/strong>y<strong>&nbsp;Mar\u00eda Trinidad S\u00e1nchez.<\/strong><\/p>\n\n\n\n<h3 class=\"wp-block-heading\">Recomendaciones<\/h3>\n\n\n\n<p class=\"wp-block-paragraph\">Debido a la incidencia de aguaceros, tronadas y posibles r\u00e1fagas de viento, el&nbsp;<strong>COE<\/strong>&nbsp;mantiene la recomendaci\u00f3n de abstenerse de cruzar r\u00edos, arroyos y ca\u00f1adas que presenten altos vol\u00famenes de agua y no hacer uso de balnearios en las provincias bajo alerta.<\/p>\n\n\n\n<p class=\"wp-block-paragraph\">Adem\u00e1s, exhorta a identificar rutas de evacuaci\u00f3n y zonas seguras previamente, tener lista una mochila de emergencia, al tiempo de seguir las indicaciones oficiales del COE y autoridades locales.<\/p>\n","protected":false},"excerpt":{"rendered":"<p>En alerta amarilla figuran Santo Domingo, el Distrito Nacional, San Crist\u00f3bal y Monte Plata \u00a0Elkys<\/p>\n","protected":false},"author":1,"featured_media":29467,"comment_status":"open","ping_status":"open","sticky":false,"template":"","format":"standard","meta":{"footnotes":""},"categories":[1],"tags":[],"class_list":["post-29466","post","type-post","status-publish","format-standard","has-post-thumbnail","hentry","category-blog"],"_links":{"self":[{"href":"https:\/\/samantharadionline.com\/index.php\/wp-json\/wp\/v2\/posts\/29466","targetHints":{"allow":["GET"]}}],"collection":[{"href":"https:\/\/samantharadionline.com\/index.php\/wp-json\/wp\/v2\/posts"}],"about":[{"href":"https:\/\/samantharadionline.com\/index.php\/wp-json\/wp\/v2\/types\/post"}],"author":[{"embeddable":true,"href":"https:\/\/samantharadionline.com\/index.php\/wp-json\/wp\/v2\/users\/1"}],"replies":[{"embeddable":true,"href":"https:\/\/samantharadionline.com\/index.php\/wp-json\/wp\/v2\/comments?post=29466"}],"version-history":[{"count":1,"href":"https:\/\/samantharadionline.com\/index.php\/wp-json\/wp\/v2\/posts\/29466\/revisions"}],"predecessor-version":[{"id":29468,"href":"https:\/\/samantharadionline.com\/index.php\/wp-json\/wp\/v2\/posts\/29466\/revisions\/29468"}],"wp:featuredmedia":[{"embeddable":true,"href":"https:\/\/samantharadionline.com\/index.php\/wp-json\/wp\/v2\/media\/29467"}],"wp:attachment":[{"href":"https:\/\/samantharadionline.com\/index.php\/wp-json\/wp\/v2\/media?parent=29466"}],"wp:term":[{"taxonomy":"category","embeddable":true,"href":"https:\/\/samantharadionline.com\/index.php\/wp-json\/wp\/v2\/categories?post=29466"},{"taxonomy":"post_tag","embeddable":true,"href":"https:\/\/samantharadionline.com\/index.php\/wp-json\/wp\/v2\/tags?post=29466"}],"curies":[{"name":"wp","href":"https:\/\/api.w.org\/{rel}","templated":true}]}}