{"id":29460,"date":"2026-08-31T10:26:45","date_gmt":"2026-08-31T14:26:45","guid":{"rendered":"https:\/\/samantharadionline.com\/?p=29460"},"modified":"2026-08-31T10:26:46","modified_gmt":"2026-08-31T14:26:46","slug":"iran-promete-el-lunes-una-respuesta-contundente-a-los-primeros-ataques-estadounidenses-en-su-territorio-en-un-mes-en-un-nuevo-recrudecimiento-de-la-guerra-en-oriente-medio","status":"publish","type":"post","link":"https:\/\/samantharadionline.com\/index.php\/2026\/08\/31\/iran-promete-el-lunes-una-respuesta-contundente-a-los-primeros-ataques-estadounidenses-en-su-territorio-en-un-mes-en-un-nuevo-recrudecimiento-de-la-guerra-en-oriente-medio\/","title":{"rendered":"Ir\u00e1n promete el lunes una \u00abrespuesta contundente\u00bb a los primeros ataques estadounidenses en su territorio en un mes, en un nuevo recrudecimiento de la guerra en Oriente Medio"},"content":{"rendered":"\n<p class=\"has-medium-font-size wp-block-paragraph\"><em>Washington anunci\u00f3 la v\u00edspera que hab\u00eda atacado lanzadores de cohetes iran\u00edes en una isla estrat\u00e9gica<\/em><\/p>\n\n\n\n<p class=\"wp-block-paragraph\"><strong>Por: RFI con AFP<\/strong><\/p>\n\n\n\n<p class=\"wp-block-paragraph\">Los Guardianes de la Revoluci\u00f3n afirmaron que hab\u00edan respondido al ataque del domingo lanzando misiles bal\u00edsticos contra dos bases a\u00e9reas estadounidenses en Jordania, aliada de Washington, causando \u00abgraves da\u00f1os\u00bb.<\/p>\n\n\n\n<p class=\"wp-block-paragraph\">El ej\u00e9rcito jordano dijo que hab\u00eda interceptado ocho misiles, sin precisar su procedencia.<\/p>\n\n\n\n<p class=\"wp-block-paragraph\">Teher\u00e1n tambi\u00e9n se\u00f1al\u00f3 que atac\u00f3 personal militar estadounidense en una base a\u00e9rea de Emiratos \u00c1rabes Unidos \u00abutilizando decenas de drones de ataque\u00bb, seg\u00fan la televisi\u00f3n estatal.<\/p>\n\n\n\n<p class=\"wp-block-paragraph\">Los Guardianes afirmaron adem\u00e1s haber derribado un dron estadounidense sobre Ormuz. M\u00e1s tarde informaron del incendio de un petrolero \u00abpirata\u00bb que transitaba cerca del estrecho tras impactar con minas.<\/p>\n\n\n\n<p class=\"wp-block-paragraph\">Los ataques se produjeron despu\u00e9s de que Estados Unidos anunciara el domingo que hab\u00eda atacado lanzadores de cohetes iran\u00edes en una peque\u00f1a isla situada en esta estrat\u00e9gica v\u00eda mar\u00edtima.<\/p>\n\n\n\n<p class=\"wp-block-paragraph\">Washington asegur\u00f3 que la operaci\u00f3n buscaba impedir que Ir\u00e1n colocara m\u00e1s minas marinas en el estrecho, pocos d\u00edas despu\u00e9s de anunciar que hab\u00eda completado la limpieza de explosivos en la zona.<\/p>\n\n\n\n<p class=\"wp-block-paragraph\">\u00abLas fuerzas estadounidenses atacaron dos lanzadores iran\u00edes en la isla de Larak, donde se hab\u00eda observado a Guardianes de la Revoluci\u00f3n Isl\u00e1mica prepararse para lanzar cohetes con minas navales\u00bb, dijo Tim Hawkins, portavoz del Centcom, en un comunicado enviado a la AFP.<\/p>\n\n\n\n<p class=\"wp-block-paragraph\">Ir\u00e1n conden\u00f3 estos ataques y justific\u00f3 los bombardeos contra bases estadounidenses en Jordania como \u00ableg\u00edtima defensa\u00bb. En un comunicado, el Ministerio de Asuntos Exteriores afirm\u00f3 que \u00abcondena en\u00e9rgicamente la agresi\u00f3n militar estadounidense contra Larak\u00bb y a\u00f1adi\u00f3 que las fuerzas de la rep\u00fablica isl\u00e1mica respondieron \u00abde conformidad con el derecho inherente a la leg\u00edtima defensa\u00bb.<\/p>\n\n\n\n<p class=\"wp-block-paragraph\">Los Guardianes aseguraron que los ataques estadounidenses causaron \u00abmuertos y heridos\u00bb y que su acci\u00f3n contra Jordania fue \u00aben respuesta a la agresi\u00f3n a\u00e9rea estadounidense-sionista\u00bb.<\/p>\n\n\n\n<p class=\"wp-block-paragraph\">\u00abNo buscamos la guerra, pero daremos una respuesta contundente a los agresores\u00bb, declar\u00f3 el presidente iran\u00ed Masoud Pezeshkian en un comunicado citado por la televisi\u00f3n estatal.<\/p>\n\n\n\n<p class=\"wp-block-paragraph\">Pezeshkian habl\u00f3 antes de viajar a Kirguist\u00e1n para la cumbre de un bloque que, junto con Vladimir Putin de Rusia y Xi Jinping de China, busca ser una influencia antag\u00f3nica frente a Occidente.<\/p>\n\n\n\n<h2 class=\"wp-block-heading\"><strong>Emiratos se defiende de un dron iran\u00ed<\/strong><\/h2>\n\n\n\n<p class=\"wp-block-paragraph\">Los Emiratos \u00c1rabes Unidos aseguraron haber \u00abrespondido\u00bb a un dron procedente de Ir\u00e1n y detectado sobre sus aguas territoriales, despu\u00e9s de que Teher\u00e1n afirmara haber atacado una base utilizada por Estados Unidos en ese pa\u00eds del Golfo.<\/p>\n\n\n\n<p class=\"wp-block-paragraph\">Elementos de la fuerza a\u00e9rea emirat\u00ed \u00abrespondieron a un dron detectado sobre las aguas territoriales del pa\u00eds, procedente de Ir\u00e1n\u00bb, indic\u00f3 el Ministerio de Defensa en X.<\/p>\n\n\n\n<p class=\"wp-block-paragraph\">El ministerio precis\u00f3 en un comunicado separado que no se hab\u00eda producido ning\u00fan ataque con misiles contra la base a\u00e9rea de Al Minhad, donde est\u00e1n desplegadas fuerzas estadounidenses, y calific\u00f3 de \u00abinfundadas\u00bb las informaciones de prensa en ese sentido.<\/p>\n\n\n\n<p class=\"wp-block-paragraph\">El ej\u00e9rcito iran\u00ed hab\u00eda afirmado anteriormente haber atacado \u00abcon decenas de drones\u00bb zonas de esta base \u00abdonde est\u00e1n estacionados helic\u00f3pteros y tropas estadounidenses\u00bb.<\/p>\n\n\n\n<h2 class=\"wp-block-heading\"><strong>Seis meses de guerra<\/strong><\/h2>\n\n\n\n<p class=\"wp-block-paragraph\">La guerra estall\u00f3 el 28 de febrero con ataques conjuntos de Estados Unidos e Israel contra Ir\u00e1n, que respondi\u00f3 apuntando en particular a los pa\u00edses del Golfo aliados de Washington.<\/p>\n\n\n\n<p class=\"wp-block-paragraph\">Un alto el fuego en abril puso fin a cerca de 40 d\u00edas de intensos bombardeos y en junio se alcanz\u00f3 un protocolo destinado a poner fin definitivamente al conflicto. Pero este se hizo a\u00f1icos en julio tras la reanudaci\u00f3n de las hostilidades. Desde entonces, las negociaciones est\u00e1n en punto muerto<\/p>\n","protected":false},"excerpt":{"rendered":"<p>Washington anunci\u00f3 la v\u00edspera que hab\u00eda atacado lanzadores de cohetes iran\u00edes en una isla estrat\u00e9gica<\/p>\n","protected":false},"author":1,"featured_media":29461,"comment_status":"open","ping_status":"open","sticky":false,"template":"","format":"standard","meta":{"footnotes":""},"categories":[4],"tags":[],"class_list":["post-29460","post","type-post","status-publish","format-standard","has-post-thumbnail","hentry","category-mundiales"],"_links":{"self":[{"href":"https:\/\/samantharadionline.com\/index.php\/wp-json\/wp\/v2\/posts\/29460","targetHints":{"allow":["GET"]}}],"collection":[{"href":"https:\/\/samantharadionline.com\/index.php\/wp-json\/wp\/v2\/posts"}],"about":[{"href":"https:\/\/samantharadionline.com\/index.php\/wp-json\/wp\/v2\/types\/post"}],"author":[{"embeddable":true,"href":"https:\/\/samantharadionline.com\/index.php\/wp-json\/wp\/v2\/users\/1"}],"replies":[{"embeddable":true,"href":"https:\/\/samantharadionline.com\/index.php\/wp-json\/wp\/v2\/comments?post=29460"}],"version-history":[{"count":1,"href":"https:\/\/samantharadionline.com\/index.php\/wp-json\/wp\/v2\/posts\/29460\/revisions"}],"predecessor-version":[{"id":29462,"href":"https:\/\/samantharadionline.com\/index.php\/wp-json\/wp\/v2\/posts\/29460\/revisions\/29462"}],"wp:featuredmedia":[{"embeddable":true,"href":"https:\/\/samantharadionline.com\/index.php\/wp-json\/wp\/v2\/media\/29461"}],"wp:attachment":[{"href":"https:\/\/samantharadionline.com\/index.php\/wp-json\/wp\/v2\/media?parent=29460"}],"wp:term":[{"taxonomy":"category","embeddable":true,"href":"https:\/\/samantharadionline.com\/index.php\/wp-json\/wp\/v2\/categories?post=29460"},{"taxonomy":"post_tag","embeddable":true,"href":"https:\/\/samantharadionline.com\/index.php\/wp-json\/wp\/v2\/tags?post=29460"}],"curies":[{"name":"wp","href":"https:\/\/api.w.org\/{rel}","templated":true}]}}