{"id":29457,"date":"2026-08-31T10:23:14","date_gmt":"2026-08-31T14:23:14","guid":{"rendered":"https:\/\/samantharadionline.com\/?p=29457"},"modified":"2026-08-31T10:23:14","modified_gmt":"2026-08-31T14:23:14","slug":"la-casa-blanca-celebra-el-cambio-de-nombre-de-google-maps-al-lago-ontario-como-lago-america-despues-que-donald-trump-decidiera-modificar-el-nombre","status":"publish","type":"post","link":"https:\/\/samantharadionline.com\/index.php\/2026\/08\/31\/la-casa-blanca-celebra-el-cambio-de-nombre-de-google-maps-al-lago-ontario-como-lago-america-despues-que-donald-trump-decidiera-modificar-el-nombre\/","title":{"rendered":"La Casa Blanca celebra el cambio de nombre de Google Maps al lago Ontario como \u00abLago Am\u00e9rica\u00bb, despu\u00e9s que Donald Trump decidiera modificar el nombre"},"content":{"rendered":"\n<p class=\"has-medium-font-size wp-block-paragraph\"><em>En plena crisis con Canad\u00e1, Donald Trump quiere cambiar el nombre del \u00ablago Ontario\u00bb por el de \u00ablago de Am\u00e9rica\u00bb<\/em><\/p>\n\n\n\n<p class=\"wp-block-paragraph\"><strong>Por: RFI con AFP<\/strong><\/p>\n\n\n\n<p class=\"wp-block-paragraph\">\u00ab\u00a1Es oficial! \u00a1Es LAGO AM\u00c9RICA en Google Maps!\u00bb, tuite\u00f3 el domingo por la ma\u00f1ana Steven Cheung, director de comunicaciones de la Casa Blanca.<\/p>\n\n\n\n<p class=\"wp-block-paragraph\">En medio de una disputa comercial con Canad\u00e1, Trump firm\u00f3 el jueves una orden ejecutiva para cambiar \u00abinmediatamente\u00bb el nombre del \u00abLago Ontario\u00bb a \u00abLago Am\u00e9rica\u00bb. Esta decisi\u00f3n, que no cuenta con reconocimiento internacional, fue fuertemente criticada por las autoridades canadienses.<\/p>\n\n\n\n<p class=\"wp-block-paragraph\">El domingo, Trump lanz\u00f3 una nueva andanada de ataques contra Canad\u00e1, en particular sobre su industria automotriz. \u00abNo quiero carros canadienses, no quiero partes canadienses, no quiero nada canadiense\u00bb, escribi\u00f3 Trump en una publicaci\u00f3n en su plataforma Truth Social.<\/p>\n\n\n\n<p class=\"wp-block-paragraph\">\u00abEs completamente absurdo\u00bb, declar\u00f3 Doug Ford, primer ministro de la provincia canadiense de Ontario, a ABC News el domingo. \u00abNadie lo va a llamar &#8216;Lago Am\u00e9rica'\u00bb.<\/p>\n\n\n\n<p class=\"wp-block-paragraph\">En una publicaci\u00f3n de blog, Google explic\u00f3 que cambi\u00f3 el nombre para los usuarios en Estados Unidos para alinearse con las fuentes oficiales del gobierno, espec\u00edficamente el Sistema de Informaci\u00f3n de Nombres Geogr\u00e1ficos (GNIS) de Estados Unidos.<\/p>\n\n\n\n<p class=\"wp-block-paragraph\">Los usuarios de la aplicaci\u00f3n en Canad\u00e1 seguir\u00e1n viendo el nombre \u00abLago Ontario\u00bb, mientras que el resto del mundo ver\u00e1 ambos nombres juntos para designar esta vasta masa de agua, uno de los Grandes Lagos que forman la frontera entre Estados Unidos y Canad\u00e1.<\/p>\n\n\n\n<p class=\"wp-block-paragraph\">En la aplicaci\u00f3n de Apple \u00abMaps\u00bb el nombre \u00ablago Ontario\u00bb permanec\u00eda sin cambios hasta este domingo.<\/p>\n\n\n\n<p class=\"wp-block-paragraph\">Al comienzo de su segundo mandato, Trump orden\u00f3 de manera similar que el nombre del \u00abGolfo de M\u00e9xico\u00bb se cambiara a \u00abGolfo de Am\u00e9rica\u00bb.<\/p>\n\n\n\n<p class=\"wp-block-paragraph\">La modificaci\u00f3n del nombre del lago canadiense-estadounidense se produce en momentos de una renovada ofensiva del republicano contra Canad\u00e1, cuya posible anexi\u00f3n ha sugerido repetidamente.<\/p>\n\n\n\n<p class=\"wp-block-paragraph\">Ambos pa\u00edses se encuentran actualmente enfrentados en materia de aranceles.<\/p>\n\n\n\n<p class=\"wp-block-paragraph\">\u00abNos han estafado durante d\u00e9cadas, y va a parar\u00bb, dijo Trump sobre Canad\u00e1 en su publicaci\u00f3n en redes sociales.<\/p>\n\n\n\n<p class=\"wp-block-paragraph\">Tambi\u00e9n resalt\u00f3 el \u00e9xito de la planta de Ford Motor en el \u00e1rea de Detroit, y donde est\u00e1 trabajando para ensamblar camionetas F-150.<\/p>\n\n\n\n<p class=\"wp-block-paragraph\">Muchos motores de la F-150 se construyen al otro lado de la frontera en Windsor, Ontario. Pero Trump ha amenazado con duplicar los aranceles a ese tipo de autopartes hasta el 50%, as\u00ed como a otros productos canadienses.<\/p>\n\n\n\n<p class=\"wp-block-paragraph\">Canad\u00e1 ha respondido con aranceles a bienes estadounidenses de entre 15% y 50%.<\/p>\n","protected":false},"excerpt":{"rendered":"<p>En plena crisis con Canad\u00e1, Donald Trump quiere cambiar el nombre del \u00ablago Ontario\u00bb por<\/p>\n","protected":false},"author":1,"featured_media":29458,"comment_status":"open","ping_status":"open","sticky":false,"template":"","format":"standard","meta":{"footnotes":""},"categories":[4],"tags":[],"class_list":["post-29457","post","type-post","status-publish","format-standard","has-post-thumbnail","hentry","category-mundiales"],"_links":{"self":[{"href":"https:\/\/samantharadionline.com\/index.php\/wp-json\/wp\/v2\/posts\/29457","targetHints":{"allow":["GET"]}}],"collection":[{"href":"https:\/\/samantharadionline.com\/index.php\/wp-json\/wp\/v2\/posts"}],"about":[{"href":"https:\/\/samantharadionline.com\/index.php\/wp-json\/wp\/v2\/types\/post"}],"author":[{"embeddable":true,"href":"https:\/\/samantharadionline.com\/index.php\/wp-json\/wp\/v2\/users\/1"}],"replies":[{"embeddable":true,"href":"https:\/\/samantharadionline.com\/index.php\/wp-json\/wp\/v2\/comments?post=29457"}],"version-history":[{"count":1,"href":"https:\/\/samantharadionline.com\/index.php\/wp-json\/wp\/v2\/posts\/29457\/revisions"}],"predecessor-version":[{"id":29459,"href":"https:\/\/samantharadionline.com\/index.php\/wp-json\/wp\/v2\/posts\/29457\/revisions\/29459"}],"wp:featuredmedia":[{"embeddable":true,"href":"https:\/\/samantharadionline.com\/index.php\/wp-json\/wp\/v2\/media\/29458"}],"wp:attachment":[{"href":"https:\/\/samantharadionline.com\/index.php\/wp-json\/wp\/v2\/media?parent=29457"}],"wp:term":[{"taxonomy":"category","embeddable":true,"href":"https:\/\/samantharadionline.com\/index.php\/wp-json\/wp\/v2\/categories?post=29457"},{"taxonomy":"post_tag","embeddable":true,"href":"https:\/\/samantharadionline.com\/index.php\/wp-json\/wp\/v2\/tags?post=29457"}],"curies":[{"name":"wp","href":"https:\/\/api.w.org\/{rel}","templated":true}]}}